{"id":21018,"date":"2020-11-02T08:00:00","date_gmt":"2020-11-02T07:00:00","guid":{"rendered":"https:\/\/swissmig.wordpress.com\/?p=21018"},"modified":"2020-11-02T08:00:00","modified_gmt":"2020-11-02T07:00:00","slug":"la-perception-parentale-des-soutiens-aux-familles-migrantes-ayant-un-enfant-avec-des-besoins-speciaux-en-suisse-et-en-norvege","status":"publish","type":"post","link":"https:\/\/swissmig.unine.ch\/?p=21018","title":{"rendered":"La perception parentale des soutiens aux familles migrantes ayant un enfant avec des besoins sp\u00e9ciaux en Suisse et en Norv\u00e8ge"},"content":{"rendered":"<h3>Author(s) : Genevi\u00e8ve Pi\u00e9rart, Elena Albertini Fr\u00fch, Alida Gulfi<\/h3>\n<h3>Source : <a href=\"https:\/\/www.journal.psy.ulaval.ca\/ojs\/index.php\/ARIRI\/article\/view\/Pi%E9rartBoieraLodetti_Alterstice9%281%29\" target=\"_blank\" rel=\"noopener\">https:\/\/www.journal.psy.ulaval.ca\/ojs\/index.php\/ARIRI\/article\/view\/Pi%E9rartBoieraLodetti_Alterstice9%281%29<\/a><\/h3>\n<p><strong>Abstract: <\/strong><!--more--><\/p>\n<blockquote>\n<div class=\"hlFld-Abstract\">\n<div class=\"abstractSection abstractInFull\">&#8220;Les familles migrantes ayant un enfant avec des besoins sp\u00e9ciaux sont confront\u00e9es \u00e0 de nombreux d\u00e9fis, largement mis en \u00e9vidence par la recherche. Cet article vise \u00e0 identifier les soutiens fournis par l&#8217;intervention socio-professionnelle consid\u00e9r\u00e9s par les parents migrants comme \u00e9tant les plus efficaces pour l&#8217;enfant et le fonctionnement familial, par le biais d&#8217;une mise en perspective des politiques sociales de deux pays d&#8217;immigration europ\u00e9ens diff\u00e9rents. Les donn\u00e9es sont issues de deux recherches qualitatives men\u00e9es en Suisse et en Norv\u00e8ge aupr\u00e8s de parents migrants, au moyen d&#8217;entretiens individuels et collectifs. Les r\u00e9sultats montrent que les soutiens fournis par l&#8217;\u00c9tat sont plus importants en Norv\u00e8ge qu&#8217;en Suisse. Par ailleurs, les politiques sociales norv\u00e9giennes favorisent le maintien d&#8217;une activit\u00e9 professionnelle chez les parents et la socialisation pr\u00e9coce de l&#8217;enfant alors que celles de Suisse encouragent le soutien \u00e0 domicile de la famille.&#8221;<\/p>\n<div><\/div>\n<div id=\"articleAbstract\"><strong>Mots-cl\u00e9s<\/strong> : Parents, enfants avec besoins sp\u00e9ciaux, protection sociale<\/div>\n<\/div>\n<\/div>\n<\/blockquote>\n","protected":false},"excerpt":{"rendered":"<p>Author(s) : Genevi\u00e8ve Pi\u00e9rart, Elena Albertini Fr\u00fch, Alida Gulfi Source&#8230;<\/p>\n","protected":false},"author":4,"featured_media":0,"comment_status":"open","ping_status":"open","sticky":false,"template":"","format":"standard","meta":{"_kadence_starter_templates_imported_post":false,"_kad_post_transparent":"","_kad_post_title":"","_kad_post_layout":"","_kad_post_sidebar_id":"","_kad_post_content_style":"","_kad_post_vertical_padding":"","_kad_post_feature":"","_kad_post_feature_position":"","_kad_post_header":false,"_kad_post_footer":false,"_kad_post_classname":"","jetpack_post_was_ever_published":false,"_jetpack_newsletter_access":"","_jetpack_dont_email_post_to_subs":false,"_jetpack_newsletter_tier_id":0,"_jetpack_memberships_contains_paywalled_content":false,"_jetpack_memberships_contains_paid_content":false,"footnotes":""},"categories":[24],"tags":[654,7,318,57,523,21,52,133,122,381,411,373,313,340],"class_list":["post-21018","post","type-post","status-publish","format-standard","hentry","category-society-family-racism","tag-654","tag-article","tag-children","tag-comparative-analysis","tag-disability","tag-family","tag-french-language","tag-immigrant-policy","tag-migrants","tag-norway","tag-perception","tag-qualitative-research","tag-social-policy","tag-social-support"],"jetpack_featured_media_url":"","jetpack_sharing_enabled":true,"_links":{"self":[{"href":"https:\/\/swissmig.unine.ch\/index.php?rest_route=\/wp\/v2\/posts\/21018","targetHints":{"allow":["GET"]}}],"collection":[{"href":"https:\/\/swissmig.unine.ch\/index.php?rest_route=\/wp\/v2\/posts"}],"about":[{"href":"https:\/\/swissmig.unine.ch\/index.php?rest_route=\/wp\/v2\/types\/post"}],"author":[{"embeddable":true,"href":"https:\/\/swissmig.unine.ch\/index.php?rest_route=\/wp\/v2\/users\/4"}],"replies":[{"embeddable":true,"href":"https:\/\/swissmig.unine.ch\/index.php?rest_route=%2Fwp%2Fv2%2Fcomments&post=21018"}],"version-history":[{"count":0,"href":"https:\/\/swissmig.unine.ch\/index.php?rest_route=\/wp\/v2\/posts\/21018\/revisions"}],"wp:attachment":[{"href":"https:\/\/swissmig.unine.ch\/index.php?rest_route=%2Fwp%2Fv2%2Fmedia&parent=21018"}],"wp:term":[{"taxonomy":"category","embeddable":true,"href":"https:\/\/swissmig.unine.ch\/index.php?rest_route=%2Fwp%2Fv2%2Fcategories&post=21018"},{"taxonomy":"post_tag","embeddable":true,"href":"https:\/\/swissmig.unine.ch\/index.php?rest_route=%2Fwp%2Fv2%2Ftags&post=21018"}],"curies":[{"name":"wp","href":"https:\/\/api.w.org\/{rel}","templated":true}]}}