{"id":2101,"date":"2018-04-10T16:15:21","date_gmt":"2018-04-10T15:15:21","guid":{"rendered":"https:\/\/swissmig.wordpress.com\/?p=2101"},"modified":"2018-04-10T16:15:21","modified_gmt":"2018-04-10T15:15:21","slug":"limmigration-portugaise-a-geneve-la-pertinence-de-la-formation-pour-lintegration-des-premieres-generations","status":"publish","type":"post","link":"https:\/\/swissmig.unine.ch\/?p=2101","title":{"rendered":"L&#8217;immigration portugaise \u00e0 Gen\u00e8ve: La pertinence de la formation pour l&#8217;int\u00e9gration des premi\u00e8res g\u00e9n\u00e9rations"},"content":{"rendered":"<h3>Author(s) : Carla Elena Rodrigues Fretel<\/h3>\n<h3>Source : <a href=\"https:\/\/archive-ouverte.unige.ch\/unige:98686?all_subtypes=1\" target=\"_blank\" rel=\"noopener\">https:\/\/archive-ouverte.unige.ch\/unige:98686?all_subtypes=1<\/a><\/h3>\n<p><strong>Abstract: <\/strong><!--more--><\/p>\n<blockquote><p>A partir des ann\u00e9es 1960, la Suisse est devenue l\u2019une des destinations principales pour l\u2019immigration portugaise, essentiellement pour fuir le r\u00e9gime salazariste. C\u2019est \u00e0 partir des ann\u00e9es 1980 que la migration portugaise connait une forte croissance gr\u00e2ce aux accords bilat\u00e9raux sur le libre-\u00e9change entre la Suisse et l\u2019Union europ\u00e9enne mais \u00e9galement par l\u2019int\u00e9gration du Portugal dans la Communaut\u00e9 europ\u00e9enne. Les Portugais sont, pour la Suisse, une main-d\u2019oeuvre relativement bon march\u00e9 pour les emplois saisonniers, car ces derniers sont g\u00e9n\u00e9ralement peu voire pas qualifi\u00e9s et acceptent de travailler dans les domaines de la construction, de la restauration ou encore dans le service domestique. Nous constaterons que, pour les Portugais, la migration de travail tend \u00e0 se prolonger dans le temps, dans le but de faire des \u00e9conomies pour retourner au pays ou simplement pour rester dans le pays qu\u2019ils ont fini par adopter.<\/p><\/blockquote>\n<p>&nbsp;<\/p>\n","protected":false},"excerpt":{"rendered":"<p>Author(s) : Carla Elena Rodrigues Fretel Source : https:\/\/archive-ouverte.unige.ch\/unige:98686?all_subtypes=1 Abstract:<\/p>\n","protected":false},"author":4,"featured_media":0,"comment_status":"open","ping_status":"open","sticky":false,"template":"","format":"standard","meta":{"_kadence_starter_templates_imported_post":false,"_kad_post_transparent":"","_kad_post_title":"","_kad_post_layout":"","_kad_post_sidebar_id":"","_kad_post_content_style":"","_kad_post_vertical_padding":"","_kad_post_feature":"","_kad_post_feature_position":"","_kad_post_header":false,"_kad_post_footer":false,"_kad_post_classname":"","jetpack_post_was_ever_published":false,"_jetpack_newsletter_access":"","_jetpack_dont_email_post_to_subs":false,"_jetpack_newsletter_tier_id":0,"_jetpack_memberships_contains_paywalled_content":false,"_jetpack_memberships_contains_paid_content":false,"footnotes":""},"categories":[61],"tags":[48,407,225,52,87,17,100,319,140,46,91,245,371],"class_list":["post-2101","post","type-post","status-publish","format-standard","hentry","category-education","tag-48","tag-access-to-education","tag-first-generation","tag-french-language","tag-history","tag-immigrants","tag-labour-migration","tag-master-thesis","tag-portuguese","tag-return-migration","tag-social-integration","tag-temporary-migration","tag-vocational-training"],"jetpack_featured_media_url":"","jetpack_sharing_enabled":true,"_links":{"self":[{"href":"https:\/\/swissmig.unine.ch\/index.php?rest_route=\/wp\/v2\/posts\/2101","targetHints":{"allow":["GET"]}}],"collection":[{"href":"https:\/\/swissmig.unine.ch\/index.php?rest_route=\/wp\/v2\/posts"}],"about":[{"href":"https:\/\/swissmig.unine.ch\/index.php?rest_route=\/wp\/v2\/types\/post"}],"author":[{"embeddable":true,"href":"https:\/\/swissmig.unine.ch\/index.php?rest_route=\/wp\/v2\/users\/4"}],"replies":[{"embeddable":true,"href":"https:\/\/swissmig.unine.ch\/index.php?rest_route=%2Fwp%2Fv2%2Fcomments&post=2101"}],"version-history":[{"count":0,"href":"https:\/\/swissmig.unine.ch\/index.php?rest_route=\/wp\/v2\/posts\/2101\/revisions"}],"wp:attachment":[{"href":"https:\/\/swissmig.unine.ch\/index.php?rest_route=%2Fwp%2Fv2%2Fmedia&parent=2101"}],"wp:term":[{"taxonomy":"category","embeddable":true,"href":"https:\/\/swissmig.unine.ch\/index.php?rest_route=%2Fwp%2Fv2%2Fcategories&post=2101"},{"taxonomy":"post_tag","embeddable":true,"href":"https:\/\/swissmig.unine.ch\/index.php?rest_route=%2Fwp%2Fv2%2Ftags&post=2101"}],"curies":[{"name":"wp","href":"https:\/\/api.w.org\/{rel}","templated":true}]}}