{"id":2095,"date":"2018-04-10T15:37:05","date_gmt":"2018-04-10T14:37:05","guid":{"rendered":"https:\/\/swissmig.wordpress.com\/?p=2095"},"modified":"2018-04-10T15:37:05","modified_gmt":"2018-04-10T14:37:05","slug":"who-is-afraid-of-skilled-migrants-from-europe-exploring-support-for-immigration-control-in-switzerland","status":"publish","type":"post","link":"https:\/\/swissmig.unine.ch\/?p=2095","title":{"rendered":"Who Is Afraid of Skilled Migrants From Europe? Exploring Support for Immigration Control in Switzerland"},"content":{"rendered":"<h3>Author(s) : Claudia Diehl, Thomas Hinz, Katrin Auspurg<\/h3>\n<h3>Source : <a href=\"https:\/\/seismoverlag.ch\/site\/assets\/files\/3595\/szfs_44_1_leseprobe.pdf\" target=\"_blank\" rel=\"noopener\">https:\/\/seismoverlag.ch\/site\/assets\/files\/3595\/szfs_44_1_leseprobe.pdf<\/a><\/h3>\n<p><strong>Abstract: <\/strong><!--more--><\/p>\n<blockquote>\n<div>The paper analyses the role of economic and cultural threat in exploring support<\/div>\n<div>for immigration control in Switzerland. A factorial survey experiment enables us to look into different migrant characteristics. Results show more support for immigration control for Eastern Europeans and low-skilled migrants. However, German migrants do not gain acceptance due to being highly skilled, and their willingness to adapt culturally is crucial for native Swiss with a high level of national pride.<\/div>\n<div><strong>Keywords<\/strong>: immigration control, Switzerland, cultural threat, economic threat, factorial survey, experiment<\/div>\n<div><\/div>\n<div><\/div>\n<div>Der Artikel besch\u00e4ftigt sich mit der Bedeutung \u00f6konomischer und kultureller<\/div>\n<div>Bedrohung f\u00fcr die Forderung nach Einwanderungskontrolle in der Schweiz. Anhand eines faktoriellen Surveyexperiments analysieren wir die Bedeutung unterschiedlicher Merkmale von Einwanderern. Zuzugsbegrenzungen werden v.<\/div>\n<div>a. f\u00fcr Osteurop\u00e4er und gering qualifizierte Einwanderer gefordert. Deutsche profitieren aber nicht von h\u00f6herer Bildung, zudem spielt bei ihnen die Bereitschaft zur kulturellen Anpassung eine entscheidende Rolle.<\/div>\n<div><strong>Schl\u00fcsselw\u00f6rter<\/strong>: Zuwanderungsbegrenzung, Schweiz, kulturelle Bedrohung, \u00f6konomische Bedrohung, faktorielles Surveyexperiment<\/div>\n<div><\/div>\n<div><\/div>\n<div>Cet article analyse le r\u00f4le de la menace \u00e9conomique et culturelle dans la volont\u00e9<\/div>\n<div>de r\u00e9guler l\u2019immigration en Suisse. Notre sondage exp\u00e9rimental factoriel d\u00e9montre que la volont\u00e9 de r\u00e9guler l\u2019immigration est particuli\u00e8rement forte \u00e0 l\u2019\u00e9gard des migrants de l\u2019Europe de l\u2019Est et des les migrants avec un niveau de qualification bas. Le haut niveau de qualification des migrants allemands ne joue toutefois pas en faveur de leur acceptation et leur volont\u00e9 \u00e0 s\u2019adapter \u00e0 la culture suisse est consid\u00e9r\u00e9e comme cruciale.<\/div>\n<div><strong>Mots-cl\u00e9s<\/strong>: contr\u00f4le de l\u2019immigration, Suisse, menace culturelle, menace \u00e9conomique, sondage exp\u00e9rimental factoriel<\/div>\n<\/blockquote>\n<p>&nbsp;<\/p>\n","protected":false},"excerpt":{"rendered":"<p>Author(s) : Claudia Diehl, Thomas Hinz, Katrin Auspurg Source :&#8230;<\/p>\n","protected":false},"author":4,"featured_media":0,"comment_status":"open","ping_status":"open","sticky":false,"template":"","format":"standard","meta":{"_kadence_starter_templates_imported_post":false,"_kad_post_transparent":"","_kad_post_title":"","_kad_post_layout":"","_kad_post_sidebar_id":"","_kad_post_content_style":"","_kad_post_vertical_padding":"","_kad_post_feature":"","_kad_post_feature_position":"","_kad_post_header":false,"_kad_post_footer":false,"_kad_post_classname":"","jetpack_post_was_ever_published":false,"_jetpack_newsletter_access":"","_jetpack_dont_email_post_to_subs":false,"_jetpack_newsletter_tier_id":0,"_jetpack_memberships_contains_paywalled_content":false,"_jetpack_memberships_contains_paid_content":false,"footnotes":""},"categories":[16],"tags":[285,362,7,151,9,476,335,55,40,19,36,279,143,181],"class_list":["post-2095","post","type-post","status-publish","format-standard","hentry","category-economics","tag-285","tag-access-to-employment","tag-article","tag-cultural-identity","tag-english-language","tag-europeans","tag-germans","tag-high-skilled-immigrants","tag-immigration-control","tag-labour-market","tag-migration-policy","tag-socioeconomic-factors","tag-statistical-data","tag-survey"],"jetpack_featured_media_url":"","jetpack_sharing_enabled":true,"_links":{"self":[{"href":"https:\/\/swissmig.unine.ch\/index.php?rest_route=\/wp\/v2\/posts\/2095","targetHints":{"allow":["GET"]}}],"collection":[{"href":"https:\/\/swissmig.unine.ch\/index.php?rest_route=\/wp\/v2\/posts"}],"about":[{"href":"https:\/\/swissmig.unine.ch\/index.php?rest_route=\/wp\/v2\/types\/post"}],"author":[{"embeddable":true,"href":"https:\/\/swissmig.unine.ch\/index.php?rest_route=\/wp\/v2\/users\/4"}],"replies":[{"embeddable":true,"href":"https:\/\/swissmig.unine.ch\/index.php?rest_route=%2Fwp%2Fv2%2Fcomments&post=2095"}],"version-history":[{"count":0,"href":"https:\/\/swissmig.unine.ch\/index.php?rest_route=\/wp\/v2\/posts\/2095\/revisions"}],"wp:attachment":[{"href":"https:\/\/swissmig.unine.ch\/index.php?rest_route=%2Fwp%2Fv2%2Fmedia&parent=2095"}],"wp:term":[{"taxonomy":"category","embeddable":true,"href":"https:\/\/swissmig.unine.ch\/index.php?rest_route=%2Fwp%2Fv2%2Fcategories&post=2095"},{"taxonomy":"post_tag","embeddable":true,"href":"https:\/\/swissmig.unine.ch\/index.php?rest_route=%2Fwp%2Fv2%2Ftags&post=2095"}],"curies":[{"name":"wp","href":"https:\/\/api.w.org\/{rel}","templated":true}]}}