{"id":2084,"date":"2018-04-05T09:06:53","date_gmt":"2018-04-05T08:06:53","guid":{"rendered":"https:\/\/swissmig.wordpress.com\/?p=2084"},"modified":"2018-04-05T09:06:53","modified_gmt":"2018-04-05T08:06:53","slug":"la-mise-en-oeuvre-des-programmes-dintegration-cantonaux-pic-quel-degre-dimplication-des-entites-administratives-communales-et-cantonales-analyse-comparative-des-pratiques-dans-les-cantons","status":"publish","type":"post","link":"https:\/\/swissmig.unine.ch\/?p=2084","title":{"rendered":"La mise en oeuvre des Programmes d&#8217;int\u00e9gration cantonaux (PIC) : quel degr\u00e9 d&#8217;implication des entit\u00e9s administratives communales et cantonales ? : Analyse comparative des pratiques dans les cantons de Vaud et Neuch\u00e2tel"},"content":{"rendered":"<h3>Author(s) : Muriel Chiffelle<\/h3>\n<h3>Source : <a href=\"https:\/\/libra.unine.ch\/handle\/123456789\/3685\" target=\"_blank\" rel=\"noopener\">https:\/\/libra.unine.ch\/handle\/123456789\/3685<\/a><\/h3>\n<p><strong>Abstract: <\/strong><!--more--><\/p>\n<blockquote><p>En Suisse, les politiques publiques inh\u00e9rentes \u00e0 l\u2019int\u00e9gration des \u00e9trangers sont relativement r\u00e9centes : il faut en effet attendre les ann\u00e9es 1990 pour que le Conseil f\u00e9d\u00e9ral envisage la mise en place de mesures d\u2019int\u00e9gration (Bigler 2012). Au d\u00e9but des ann\u00e9es 2000, des programmes d\u2019envergure nationale visant \u00e0 promouvoir l\u2019int\u00e9gration sont lanc\u00e9s. A cette \u00e9poque-l\u00e0, certains cantons et communes commencent \u00e0 mettre en place des projets d\u2019int\u00e9gration en faveur des immigr\u00e9s r\u00e9sidant sur leurs territoires. L\u2019entr\u00e9e en vigueur de la Loi sur les \u00e9trangers (LEtr) en 2008 ancre le principe selon lequel l\u2019int\u00e9gration est une t\u00e2che relevant non seulement de la Conf\u00e9d\u00e9ration mais \u00e9galement des cantons et des communes ainsi que de divers organismes (art.53, al.5 LEtr). En 2014, la Conf\u00e9d\u00e9ration \u00e9tablit avec chaque canton une convention portant sur un Programme d\u2019int\u00e9gration cantonal (PIC) afin de renforcer l\u2019action des cantons et des communes dans la mise en place de mesures d\u2019int\u00e9gration des \u00e9trangers.<br \/>\nEn partant du constat que chaque canton helv\u00e9tique est porteur d\u2019une histoire et de pratiques inh\u00e9rentes \u00e0 l\u2019int\u00e9gration lui \u00e9tant sp\u00e9cifiques, ce travail propose une comparaison de l\u2019application des PIC au sein des cantons de Vaud et de Neuch\u00e2tel. En effet, dans ces deux cantons, les instances administratives en charge des PIC poss\u00e8dent des pratiques diff\u00e9rentes. En cherchant \u00e0 d\u00e9terminer le degr\u00e9 d\u2019implication de divers acteurs administratifs, la pr\u00e9sente \u00e9tude met en \u00e9vidence l\u2019articulation des pratiques cantonales et communales en mati\u00e8re d\u2019int\u00e9gration et l\u2019impact que cela produit sur la politique d\u2019int\u00e9gration cantonale.<\/p><\/blockquote>\n","protected":false},"excerpt":{"rendered":"<p>Author(s) : Muriel Chiffelle Source : https:\/\/libra.unine.ch\/handle\/123456789\/3685 Abstract:<\/p>\n","protected":false},"author":4,"featured_media":0,"comment_status":"open","ping_status":"open","sticky":false,"template":"","format":"standard","meta":{"_kadence_starter_templates_imported_post":false,"_kad_post_transparent":"","_kad_post_title":"","_kad_post_layout":"","_kad_post_sidebar_id":"","_kad_post_content_style":"","_kad_post_vertical_padding":"","_kad_post_feature":"","_kad_post_feature_position":"","_kad_post_header":false,"_kad_post_footer":false,"_kad_post_classname":"","jetpack_post_was_ever_published":false,"_jetpack_newsletter_access":"","_jetpack_dont_email_post_to_subs":false,"_jetpack_newsletter_tier_id":0,"_jetpack_memberships_contains_paywalled_content":false,"_jetpack_memberships_contains_paid_content":false,"footnotes":""},"categories":[12],"tags":[285,52,160,319,284,113,91,370],"class_list":["post-2084","post","type-post","status-publish","format-standard","hentry","category-politics","tag-285","tag-french-language","tag-integration-programmes","tag-master-thesis","tag-neuchatel","tag-public-administration","tag-social-integration","tag-vaud"],"jetpack_featured_media_url":"","jetpack_sharing_enabled":true,"_links":{"self":[{"href":"https:\/\/swissmig.unine.ch\/index.php?rest_route=\/wp\/v2\/posts\/2084","targetHints":{"allow":["GET"]}}],"collection":[{"href":"https:\/\/swissmig.unine.ch\/index.php?rest_route=\/wp\/v2\/posts"}],"about":[{"href":"https:\/\/swissmig.unine.ch\/index.php?rest_route=\/wp\/v2\/types\/post"}],"author":[{"embeddable":true,"href":"https:\/\/swissmig.unine.ch\/index.php?rest_route=\/wp\/v2\/users\/4"}],"replies":[{"embeddable":true,"href":"https:\/\/swissmig.unine.ch\/index.php?rest_route=%2Fwp%2Fv2%2Fcomments&post=2084"}],"version-history":[{"count":0,"href":"https:\/\/swissmig.unine.ch\/index.php?rest_route=\/wp\/v2\/posts\/2084\/revisions"}],"wp:attachment":[{"href":"https:\/\/swissmig.unine.ch\/index.php?rest_route=%2Fwp%2Fv2%2Fmedia&parent=2084"}],"wp:term":[{"taxonomy":"category","embeddable":true,"href":"https:\/\/swissmig.unine.ch\/index.php?rest_route=%2Fwp%2Fv2%2Fcategories&post=2084"},{"taxonomy":"post_tag","embeddable":true,"href":"https:\/\/swissmig.unine.ch\/index.php?rest_route=%2Fwp%2Fv2%2Ftags&post=2084"}],"curies":[{"name":"wp","href":"https:\/\/api.w.org\/{rel}","templated":true}]}}