{"id":2082,"date":"2018-04-05T09:03:14","date_gmt":"2018-04-05T08:03:14","guid":{"rendered":"https:\/\/swissmig.wordpress.com\/?p=2082"},"modified":"2018-04-05T09:03:14","modified_gmt":"2018-04-05T08:03:14","slug":"de-marcinelle-a-mattmark-deux-catastrophes-du-fordisme-en-migration","status":"publish","type":"post","link":"https:\/\/swissmig.unine.ch\/?p=2082","title":{"rendered":"De Marcinelle \u00e0 Mattmark, deux catastrophes du fordisme en migration"},"content":{"rendered":"<h3>Author(s) : Toni Ricciardi<\/h3>\n<h3>Source : <a href=\"https:\/\/archive-ouverte.unige.ch\/unige:103267\" target=\"_blank\" rel=\"noopener\">https:\/\/archive-ouverte.unige.ch\/unige:103267<\/a><\/h3>\n<p><strong>Abstract: <\/strong><!--more--><\/p>\n<blockquote><p>Quelles sont les similitudes entre Marcinelle (Belgique, 1956) et Mattmark (Suisse, 1965), deux \u00e9v\u00e9nements tragiques de l\u2019histoire belge et suisse, mais aussi italienne et, en g\u00e9n\u00e9ral, de l\u2019histoire de l\u2019Europe ? Est-il possible de d\u00e9celer des liens spatio-temporels entre les d\u00e9c\u00e8s dans la mine, sous terre, et ceux qui ont eu lieu \u00e0 plus de 2.000 m\u00e8tres d\u2019altitude pendant la construction du plus grand barrage en terre de l\u2019\u00e9poque en Europe ?<\/p><\/blockquote>\n<p>&nbsp;<\/p>\n","protected":false},"excerpt":{"rendered":"<p>Author(s) : Toni Ricciardi Source : https:\/\/archive-ouverte.unige.ch\/unige:103267 Abstract:<\/p>\n","protected":false},"author":4,"featured_media":0,"comment_status":"open","ping_status":"open","sticky":false,"template":"","format":"standard","meta":{"_kadence_starter_templates_imported_post":false,"_kad_post_transparent":"","_kad_post_title":"","_kad_post_layout":"","_kad_post_sidebar_id":"","_kad_post_content_style":"","_kad_post_vertical_padding":"","_kad_post_feature":"","_kad_post_feature_position":"","_kad_post_header":false,"_kad_post_footer":false,"_kad_post_classname":"","jetpack_post_was_ever_published":false,"_jetpack_newsletter_access":"","_jetpack_dont_email_post_to_subs":false,"_jetpack_newsletter_tier_id":0,"_jetpack_memberships_contains_paywalled_content":false,"_jetpack_memberships_contains_paid_content":false,"footnotes":""},"categories":[35],"tags":[285,224,32,52,175,220,245,158],"class_list":["post-2082","post","type-post","status-publish","format-standard","hentry","category-history","tag-285","tag-belgium","tag-book-chapter","tag-french-language","tag-italians","tag-seasonal-workers","tag-temporary-migration","tag-working-conditions"],"jetpack_featured_media_url":"","jetpack_sharing_enabled":true,"_links":{"self":[{"href":"https:\/\/swissmig.unine.ch\/index.php?rest_route=\/wp\/v2\/posts\/2082","targetHints":{"allow":["GET"]}}],"collection":[{"href":"https:\/\/swissmig.unine.ch\/index.php?rest_route=\/wp\/v2\/posts"}],"about":[{"href":"https:\/\/swissmig.unine.ch\/index.php?rest_route=\/wp\/v2\/types\/post"}],"author":[{"embeddable":true,"href":"https:\/\/swissmig.unine.ch\/index.php?rest_route=\/wp\/v2\/users\/4"}],"replies":[{"embeddable":true,"href":"https:\/\/swissmig.unine.ch\/index.php?rest_route=%2Fwp%2Fv2%2Fcomments&post=2082"}],"version-history":[{"count":0,"href":"https:\/\/swissmig.unine.ch\/index.php?rest_route=\/wp\/v2\/posts\/2082\/revisions"}],"wp:attachment":[{"href":"https:\/\/swissmig.unine.ch\/index.php?rest_route=%2Fwp%2Fv2%2Fmedia&parent=2082"}],"wp:term":[{"taxonomy":"category","embeddable":true,"href":"https:\/\/swissmig.unine.ch\/index.php?rest_route=%2Fwp%2Fv2%2Fcategories&post=2082"},{"taxonomy":"post_tag","embeddable":true,"href":"https:\/\/swissmig.unine.ch\/index.php?rest_route=%2Fwp%2Fv2%2Ftags&post=2082"}],"curies":[{"name":"wp","href":"https:\/\/api.w.org\/{rel}","templated":true}]}}