{"id":2078,"date":"2018-03-28T11:39:32","date_gmt":"2018-03-28T10:39:32","guid":{"rendered":"https:\/\/swissmig.wordpress.com\/?p=2078"},"modified":"2018-03-28T11:39:32","modified_gmt":"2018-03-28T10:39:32","slug":"la-suisse-terre-dasile-un-mythe-ebranle-par-lhistoire","status":"publish","type":"post","link":"https:\/\/swissmig.unine.ch\/?p=2078","title":{"rendered":"\u00ab La Suisse terre d&#8217;asile \u00bb : un mythe \u00e9branl\u00e9 par l&#8217;histoire"},"content":{"rendered":"<h3>Author(s) : Lorena Parini<\/h3>\n<h3>Source : <a href=\"https:\/\/www.persee.fr\/doc\/remi_0765-0752_1997_num_13_1_1532\" target=\"_blank\" rel=\"noopener\">https:\/\/www.persee.fr\/doc\/remi_0765-0752_1997_num_13_1_1532<\/a><\/h3>\n<p><strong>Abstract: <\/strong><!--more--><\/p>\n<blockquote>\n<div>\n<section id=\"Abs1\" class=\"Abstract\" lang=\"en\">\u00ab La Suisse terre d&#8217;asile \u00bb est l&#8217;un des mythes fondateurs de l&#8217;identit\u00e9 nationale suisse. Si nous nous penchons, au fil de l&#8217;histoire, sur les relations que la Suisse a entretenu avec les r\u00e9fugi\u00e9s politiques jusqu&#8217;\u00e0 ce jour nous pouvons constater l&#8217;effritement progressif et le caract\u00e8re contingent de ce mythe. Nous citerons pour exemple, outre les recherches historiques sur la deuxi\u00e8me guerre mondiale, les nouvelles conditions \u00e9dict\u00e9es \u00e0 partir des ann\u00e9es 1970, puis les restrictions progressives impos\u00e9es au droit d&#8217;asile durant les ann\u00e9es 1980, lesquelles viennent \u00e9tayer la th\u00e8se de cette relation ambigu\u00eb, oscillant entre ouverture et fermeture, entretenue par l&#8217;Etat suisse avec les r\u00e9fugi\u00e9s politiques. En conclusion nous reviendrons sur les orientations actuelles de la politique d&#8217;asile.<\/section>\n<\/div>\n<\/blockquote>\n<p>&nbsp;<\/p>\n","protected":false},"excerpt":{"rendered":"<p>Author(s) : Lorena Parini Source : https:\/\/www.persee.fr\/doc\/remi_0765-0752_1997_num_13_1_1532 Abstract:<\/p>\n","protected":false},"author":4,"featured_media":0,"comment_status":"open","ping_status":"open","sticky":false,"template":"","format":"standard","meta":{"_kadence_starter_templates_imported_post":false,"_kad_post_transparent":"","_kad_post_title":"","_kad_post_layout":"","_kad_post_sidebar_id":"","_kad_post_content_style":"","_kad_post_vertical_padding":"","_kad_post_feature":"","_kad_post_feature_position":"","_kad_post_header":false,"_kad_post_footer":false,"_kad_post_classname":"","jetpack_post_was_ever_published":false,"_jetpack_newsletter_access":"","_jetpack_dont_email_post_to_subs":false,"_jetpack_newsletter_tier_id":0,"_jetpack_memberships_contains_paywalled_content":false,"_jetpack_memberships_contains_paid_content":false,"footnotes":""},"categories":[35],"tags":[243,7,111,49,50,106,52,205,103,327,422,257],"class_list":["post-2078","post","type-post","status-publish","format-standard","hentry","category-history","tag-243","tag-article","tag-asylum-applications","tag-asylum-policy","tag-asylum-seekers","tag-border-controls","tag-french-language","tag-national-identity","tag-refugees","tag-research","tag-sociology","tag-stereotypes"],"jetpack_featured_media_url":"","jetpack_sharing_enabled":true,"_links":{"self":[{"href":"https:\/\/swissmig.unine.ch\/index.php?rest_route=\/wp\/v2\/posts\/2078","targetHints":{"allow":["GET"]}}],"collection":[{"href":"https:\/\/swissmig.unine.ch\/index.php?rest_route=\/wp\/v2\/posts"}],"about":[{"href":"https:\/\/swissmig.unine.ch\/index.php?rest_route=\/wp\/v2\/types\/post"}],"author":[{"embeddable":true,"href":"https:\/\/swissmig.unine.ch\/index.php?rest_route=\/wp\/v2\/users\/4"}],"replies":[{"embeddable":true,"href":"https:\/\/swissmig.unine.ch\/index.php?rest_route=%2Fwp%2Fv2%2Fcomments&post=2078"}],"version-history":[{"count":0,"href":"https:\/\/swissmig.unine.ch\/index.php?rest_route=\/wp\/v2\/posts\/2078\/revisions"}],"wp:attachment":[{"href":"https:\/\/swissmig.unine.ch\/index.php?rest_route=%2Fwp%2Fv2%2Fmedia&parent=2078"}],"wp:term":[{"taxonomy":"category","embeddable":true,"href":"https:\/\/swissmig.unine.ch\/index.php?rest_route=%2Fwp%2Fv2%2Fcategories&post=2078"},{"taxonomy":"post_tag","embeddable":true,"href":"https:\/\/swissmig.unine.ch\/index.php?rest_route=%2Fwp%2Fv2%2Ftags&post=2078"}],"curies":[{"name":"wp","href":"https:\/\/api.w.org\/{rel}","templated":true}]}}