{"id":2066,"date":"2018-03-20T14:46:29","date_gmt":"2018-03-20T13:46:29","guid":{"rendered":"https:\/\/swissmig.wordpress.com\/?p=2066"},"modified":"2018-03-20T14:46:29","modified_gmt":"2018-03-20T13:46:29","slug":"equite-discrimination-et-egalite-des-chances-au-sein-du-systeme-educatif-migration-et-origine-sociale","status":"publish","type":"post","link":"https:\/\/swissmig.unine.ch\/?p=2066","title":{"rendered":"Equit\u00e9 &#8211; discrimination et \u00e9galit\u00e9 des chances au sein du syst\u00e8me \u00e9ducatif. Migration et origine sociale"},"content":{"rendered":"<h3>Author(s) : Andrea Haenni Hoti (\u00e9d.)<\/h3>\n<h3>Source : <a href=\"https:\/\/edudoc.ch\/record\/120064\/files\/StuB_37B.pdf\" target=\"_blank\" rel=\"noopener\">https:\/\/edudoc.ch\/record\/120064\/files\/StuB_37B.pdf<\/a><\/h3>\n<p><strong>Abstract: <\/strong><!--more--><\/p>\n<blockquote>\n<div>On ne le r\u00e9p\u00e9tera jamais suffisamment, dans les \u00e9coles en Suisse, un \u00e9l\u00e8ve sur quatre est issu de la migration. C\u2019est dire si la question de l\u2019\u00e9quit\u00e9 rev\u00eat une importance cruciale pour notre syst\u00e8me \u00e9ducatif: garantir \u00e0 tous les enfants scolaris\u00e9s dans notre pays l\u2019\u00e9galit\u00e9 des chances et une \u00e9ducation de qualit\u00e9, en particulier pour ceux issus de la migration dont les familles sont de niveau socio-\u00e9conomique moins favoris\u00e9. C\u2019est pourquoi la notion d\u2019\u00e9quit\u00e9 occupe une place centrale dans nos rapports nationaux sur l\u2019\u00e9ducation, \u00e0 c\u00f4t\u00e9 de deux autres notions \u2013 l\u2019efficacit\u00e9 et l\u2019efficience \u2013 qui ensemble structurent le monitorage de notre syst\u00e8me \u00e9ducatif du pr\u00e9scolaire au tertiaire. Il est donc r\u00e9jouissant que la Commission Education et migration de la CDIP se soit saisie de ce th\u00e8me pour son CONVEGNO 2015.<\/div>\n<\/blockquote>\n<p>&nbsp;<\/p>\n","protected":false},"excerpt":{"rendered":"<p>Author(s) : Andrea Haenni Hoti (\u00e9d.) Source : https:\/\/edudoc.ch\/record\/120064\/files\/StuB_37B.pdf Abstract:<\/p>\n","protected":false},"author":4,"featured_media":0,"comment_status":"open","ping_status":"open","sticky":false,"template":"","format":"standard","meta":{"_kadence_starter_templates_imported_post":false,"_kad_post_transparent":"","_kad_post_title":"","_kad_post_layout":"","_kad_post_sidebar_id":"","_kad_post_content_style":"","_kad_post_vertical_padding":"","_kad_post_feature":"","_kad_post_feature_position":"","_kad_post_header":false,"_kad_post_footer":false,"_kad_post_classname":"","jetpack_post_was_ever_published":false,"_jetpack_newsletter_access":"","_jetpack_dont_email_post_to_subs":false,"_jetpack_newsletter_tier_id":0,"_jetpack_memberships_contains_paywalled_content":false,"_jetpack_memberships_contains_paid_content":false,"footnotes":""},"categories":[61],"tags":[141,318,57,120,274,78,79,52,17,249,490,117,278,118],"class_list":["post-2066","post","type-post","status-publish","format-standard","hentry","category-education","tag-141","tag-children","tag-comparative-analysis","tag-data-analysis","tag-educational-inequality","tag-educational-system","tag-equal-opportunities","tag-french-language","tag-immigrants","tag-report","tag-school-attainment","tag-school-integration","tag-social-class","tag-youth"],"jetpack_featured_media_url":"","jetpack_sharing_enabled":true,"_links":{"self":[{"href":"https:\/\/swissmig.unine.ch\/index.php?rest_route=\/wp\/v2\/posts\/2066","targetHints":{"allow":["GET"]}}],"collection":[{"href":"https:\/\/swissmig.unine.ch\/index.php?rest_route=\/wp\/v2\/posts"}],"about":[{"href":"https:\/\/swissmig.unine.ch\/index.php?rest_route=\/wp\/v2\/types\/post"}],"author":[{"embeddable":true,"href":"https:\/\/swissmig.unine.ch\/index.php?rest_route=\/wp\/v2\/users\/4"}],"replies":[{"embeddable":true,"href":"https:\/\/swissmig.unine.ch\/index.php?rest_route=%2Fwp%2Fv2%2Fcomments&post=2066"}],"version-history":[{"count":0,"href":"https:\/\/swissmig.unine.ch\/index.php?rest_route=\/wp\/v2\/posts\/2066\/revisions"}],"wp:attachment":[{"href":"https:\/\/swissmig.unine.ch\/index.php?rest_route=%2Fwp%2Fv2%2Fmedia&parent=2066"}],"wp:term":[{"taxonomy":"category","embeddable":true,"href":"https:\/\/swissmig.unine.ch\/index.php?rest_route=%2Fwp%2Fv2%2Fcategories&post=2066"},{"taxonomy":"post_tag","embeddable":true,"href":"https:\/\/swissmig.unine.ch\/index.php?rest_route=%2Fwp%2Fv2%2Ftags&post=2066"}],"curies":[{"name":"wp","href":"https:\/\/api.w.org\/{rel}","templated":true}]}}