{"id":20658,"date":"2020-10-26T08:00:00","date_gmt":"2020-10-26T07:00:00","guid":{"rendered":"https:\/\/swissmig.wordpress.com\/?p=20658"},"modified":"2020-10-26T08:00:00","modified_gmt":"2020-10-26T07:00:00","slug":"gemeinschaft-oder-gesellschaft-grundoptionen-der-einburgerungspolitik-eine-explorative-studie-in-der-gemeinde-emmen","status":"publish","type":"post","link":"https:\/\/swissmig.unine.ch\/?p=20658","title":{"rendered":"Gemeinschaft oder Gesellschaft : Grundoptionen der Einb\u00fcrgerungspolitik: Eine explorative Studie in der Gemeinde Emmen"},"content":{"rendered":"<h3>Author(s) : Josef Martin Niederberger<\/h3>\n<h3>Source : <a href=\"https:\/\/libra.unine.ch\/handle\/123456789\/3292\" target=\"_blank\" rel=\"noopener\">https:\/\/libra.unine.ch\/handle\/123456789\/3292<\/a><\/h3>\n<p><strong>Abstract: <\/strong><!--more--><\/p>\n<blockquote>\n<div class=\"hlFld-Abstract\">\n<div class=\"abstractSection abstractInFull\">&#8220;In der Schweiz vollzieht sich der haupts\u00e4chliche Akt der Einb\u00fcrgerung in der Gemeinde. Mancherorts scheint man diesen Vorgang als Abschluss eines langsamen, face-to-face-artigen, durch Sympathiebeziehungen bestimmten und lebensnahen Hineinwachsens in eine konkrete, lokale Wir-Gruppe zu verstehen, wobei diese dazu tendiert, ihr Rechtsbewusstsein und die massgeblichen Kriterien aus ihrer eigenen, inneren Welt zu sch\u00f6pfen. Soziologisch gesehen gestalten sich hier Mitgliedschaftserwerb und Zugeh\u00f6rigkeit gem\u00e4ss dem Typus der Gemeinschaft. Dieser Prozess wird durch die staatlich-nationale Ebene \u00fcberformt, welche als Gegentypus Gesellschaft konstituiert ist und von der aus Rechtsstaatlichkeit und Universalismus nach unten durchgesetzt werden wollen. Die vorliegende Arbeit versucht, die Repr\u00e4sentanz der beiden gegens\u00e4tzlichen Typen im Denken von B\u00fcrgerinnen und B\u00fcrgern zu erfassen, ihre Verteilung zu beschreiben und ihre soziologischen Korrelate zu ermitteln. Auch werden die politischen Handlungsperspektiven beschrieben, welche die B\u00fcrgerinnen und B\u00fcrger ihnen geben m\u00f6chten. Es zeigt sich, dass mit dem Gemeinschaftsmodell Handlungsempfehlungen f\u00fcr legitim gehalten werden, die eher einem Stammesdenken angeh\u00f6ren. Zu beobachten ist eine Koexistenz zweier widerspr\u00fcchlicher Gesellschafts- und Rechtsmodelle, was faktisch einem Wertepluralismus gleichkommt. Dieser erzeugt auf der Vertikalen \u00abStaat \u2013 Gemeinde\u00bb respektive \u00abJustiz \u2013 Gemeindeautonomie\u00bb Spannung. Gleichzeitig wird Pluralismus im Zusammenhang mit Migration meist nur im horizontalen Nebeneinander einheimischer und eingewanderter Ethnien vermutet und eventuell kritisch gesehen.&#8221;<\/div>\n<div><\/div>\n<div><strong>Keywords: <\/strong>attitudes towards migrants, cantons, SFM Studies, ethnic discrimination, naturalization, civil and political rights, Lucerne, second generation<\/div>\n<\/div>\n<\/blockquote>\n","protected":false},"excerpt":{"rendered":"<p>Author(s) : Josef Martin Niederberger Source : https:\/\/libra.unine.ch\/handle\/123456789\/3292 Abstract:<\/p>\n","protected":false},"author":4,"featured_media":0,"comment_status":"open","ping_status":"open","sticky":false,"template":"","format":"standard","meta":{"_kadence_starter_templates_imported_post":false,"_kad_post_transparent":"","_kad_post_title":"","_kad_post_layout":"","_kad_post_sidebar_id":"","_kad_post_content_style":"","_kad_post_vertical_padding":"","_kad_post_feature":"","_kad_post_feature_position":"","_kad_post_header":false,"_kad_post_footer":false,"_kad_post_classname":"","jetpack_post_was_ever_published":false,"_jetpack_newsletter_access":"","_jetpack_dont_email_post_to_subs":false,"_jetpack_newsletter_tier_id":0,"_jetpack_memberships_contains_paywalled_content":false,"_jetpack_memberships_contains_paid_content":false,"footnotes":""},"categories":[12],"tags":[285,37,273,70,307,82,121,73,283,36,93,94,249,145,645,91],"class_list":["post-20658","post","type-post","status-publish","format-standard","hentry","category-politics","tag-285","tag-attitudes-towards-migrants","tag-cantons","tag-citizenship","tag-civil-and-political-rights","tag-ethnic-discrimination","tag-ethnic-minorities","tag-german-language","tag-lucerne","tag-migration-policy","tag-naturalization","tag-political-system","tag-report","tag-second-generation","tag-sfm-studies","tag-social-integration"],"jetpack_featured_media_url":"","jetpack_sharing_enabled":true,"_links":{"self":[{"href":"https:\/\/swissmig.unine.ch\/index.php?rest_route=\/wp\/v2\/posts\/20658","targetHints":{"allow":["GET"]}}],"collection":[{"href":"https:\/\/swissmig.unine.ch\/index.php?rest_route=\/wp\/v2\/posts"}],"about":[{"href":"https:\/\/swissmig.unine.ch\/index.php?rest_route=\/wp\/v2\/types\/post"}],"author":[{"embeddable":true,"href":"https:\/\/swissmig.unine.ch\/index.php?rest_route=\/wp\/v2\/users\/4"}],"replies":[{"embeddable":true,"href":"https:\/\/swissmig.unine.ch\/index.php?rest_route=%2Fwp%2Fv2%2Fcomments&post=20658"}],"version-history":[{"count":0,"href":"https:\/\/swissmig.unine.ch\/index.php?rest_route=\/wp\/v2\/posts\/20658\/revisions"}],"wp:attachment":[{"href":"https:\/\/swissmig.unine.ch\/index.php?rest_route=%2Fwp%2Fv2%2Fmedia&parent=20658"}],"wp:term":[{"taxonomy":"category","embeddable":true,"href":"https:\/\/swissmig.unine.ch\/index.php?rest_route=%2Fwp%2Fv2%2Fcategories&post=20658"},{"taxonomy":"post_tag","embeddable":true,"href":"https:\/\/swissmig.unine.ch\/index.php?rest_route=%2Fwp%2Fv2%2Ftags&post=20658"}],"curies":[{"name":"wp","href":"https:\/\/api.w.org\/{rel}","templated":true}]}}