{"id":20647,"date":"2020-10-26T08:00:00","date_gmt":"2020-10-26T07:00:00","guid":{"rendered":"https:\/\/swissmig.wordpress.com\/?p=20647"},"modified":"2020-10-26T08:00:00","modified_gmt":"2020-10-26T07:00:00","slug":"integration-des-demandeur%c2%b7euse%c2%b7s-dasile-admis%c2%b7es-provisoirement-en-suisse-role-de-la-formation-professionnelle","status":"publish","type":"post","link":"https:\/\/swissmig.unine.ch\/?p=20647","title":{"rendered":"Int\u00e9gration des demandeur\u00b7euse\u00b7s d\u2019asile admis\u00b7es provisoirement en Suisse : R\u00f4le de la formation professionnelle"},"content":{"rendered":"<h3>Author(s) : Kokou A. Atitsogbe, Federico Durante, J\u00e9r\u00f4me Rossier<\/h3>\n<h3>Source : <a href=\"https:\/\/doi.org\/10.4000\/osp.12563\" target=\"_blank\" rel=\"noopener\">https:\/\/doi.org\/10.4000\/osp.12563<\/a><\/h3>\n<p><strong>Abstract: <\/strong><!--more--><\/p>\n<blockquote>\n<div class=\"hlFld-Abstract\">\n<div class=\"abstractSection abstractInFull\">&#8220;La migration fait d\u00e9sormais partie des enjeux globaux et l\u2019int\u00e9gration des migrant\u00b7e\u00b7s est un enjeu majeur pour les pouvoirs publics et ces populations. En Suisse, une cat\u00e9gorie de ces migrant\u00b7e\u00b7s rencontre plus de difficult\u00e9s d\u2019int\u00e9gration, li\u00e9es en grande partie \u00e0 leur statut : les demandeur\u00b7euse\u00b7s d\u2019asile admis\u00b7es provisoirement. Parmi ces difficult\u00e9s, celles relatives \u00e0 l\u2019acc\u00e8s au march\u00e9 du travail et \u00e0 la formation professionnelle sont toujours cruciales malgr\u00e9 l\u2019\u00e9volution de la l\u00e9gislation. Cet article vise \u00e0 \u00e9clairer sur ce statut, les difficult\u00e9s rencontr\u00e9es par ces personnes dans leur int\u00e9gration, avec un focus particulier sur l\u2019acc\u00e8s \u00e0 la formation professionnelle, le type de formation le plus fr\u00e9quent en Suisse. Un cas clinique illustre le parcours difficile et la perception de l\u2019avenir d\u2019un jeune admis provisoirement, originaire du Moyen-Orient ayant eu acc\u00e8s \u00e0 une formation duale. L\u2019int\u00e9gration rapide de ces personnes par un acc\u00e8s \u00e0 la formation professionnelle est discut\u00e9e.&#8221;<\/div>\n<div><\/div>\n<div>&#8220;<span lang=\"en\" xml:lang=\"en\">Migration is now an integral part of global issues and the integration of migrants is of increasing concern to public authorities and these populations. In Switzerland, provisionally admitted asylum seekers are one category that encounters more integration difficulties related mainly to their status. Among difficulties, those relating to access to the labor market and vocational training are still crucial despite the evolution of legislation. This paper aims to shed light on this status and the difficulties encountered by these people in their integration, with a particular focus on access to vocational training, the most popular training in Switzerland. A clinical case illustrates the difficult journey and the perception of the future of a provisionally admitted young man originating from the Middle East, who had access to a dual training. The rapid integration of these people through access to vocational training is discussed.<\/span>&#8220;<\/div>\n<\/div>\n<\/blockquote>\n","protected":false},"excerpt":{"rendered":"<p>Author(s) : Kokou A. Atitsogbe, Federico Durante, J\u00e9r\u00f4me Rossier Source&#8230;<\/p>\n","protected":false},"author":4,"featured_media":0,"comment_status":"open","ping_status":"open","sticky":false,"template":"","format":"standard","meta":{"_kadence_starter_templates_imported_post":false,"_kad_post_transparent":"","_kad_post_title":"","_kad_post_layout":"","_kad_post_sidebar_id":"","_kad_post_content_style":"","_kad_post_vertical_padding":"","_kad_post_feature":"","_kad_post_feature_position":"","_kad_post_header":false,"_kad_post_footer":false,"_kad_post_classname":"","jetpack_post_was_ever_published":false,"_jetpack_newsletter_access":"","_jetpack_dont_email_post_to_subs":false,"_jetpack_newsletter_tier_id":0,"_jetpack_memberships_contains_paywalled_content":false,"_jetpack_memberships_contains_paid_content":false,"footnotes":""},"categories":[12],"tags":[654,407,362,7,49,112,50,176,52,387,160,91,402,371],"class_list":["post-20647","post","type-post","status-publish","format-standard","hentry","category-politics","tag-654","tag-access-to-education","tag-access-to-employment","tag-article","tag-asylum-policy","tag-asylum-procedure","tag-asylum-seekers","tag-economic-integration","tag-french-language","tag-integration-policy","tag-integration-programmes","tag-social-integration","tag-temporary-admission","tag-vocational-training"],"jetpack_featured_media_url":"","jetpack_sharing_enabled":true,"_links":{"self":[{"href":"https:\/\/swissmig.unine.ch\/index.php?rest_route=\/wp\/v2\/posts\/20647","targetHints":{"allow":["GET"]}}],"collection":[{"href":"https:\/\/swissmig.unine.ch\/index.php?rest_route=\/wp\/v2\/posts"}],"about":[{"href":"https:\/\/swissmig.unine.ch\/index.php?rest_route=\/wp\/v2\/types\/post"}],"author":[{"embeddable":true,"href":"https:\/\/swissmig.unine.ch\/index.php?rest_route=\/wp\/v2\/users\/4"}],"replies":[{"embeddable":true,"href":"https:\/\/swissmig.unine.ch\/index.php?rest_route=%2Fwp%2Fv2%2Fcomments&post=20647"}],"version-history":[{"count":0,"href":"https:\/\/swissmig.unine.ch\/index.php?rest_route=\/wp\/v2\/posts\/20647\/revisions"}],"wp:attachment":[{"href":"https:\/\/swissmig.unine.ch\/index.php?rest_route=%2Fwp%2Fv2%2Fmedia&parent=20647"}],"wp:term":[{"taxonomy":"category","embeddable":true,"href":"https:\/\/swissmig.unine.ch\/index.php?rest_route=%2Fwp%2Fv2%2Fcategories&post=20647"},{"taxonomy":"post_tag","embeddable":true,"href":"https:\/\/swissmig.unine.ch\/index.php?rest_route=%2Fwp%2Fv2%2Ftags&post=20647"}],"curies":[{"name":"wp","href":"https:\/\/api.w.org\/{rel}","templated":true}]}}