{"id":2064,"date":"2018-03-20T14:30:37","date_gmt":"2018-03-20T13:30:37","guid":{"rendered":"https:\/\/swissmig.wordpress.com\/?p=2064"},"modified":"2018-03-20T14:30:37","modified_gmt":"2018-03-20T13:30:37","slug":"les-representations-sociales-du-travail-de-femmes-immigrees-a-geneve","status":"publish","type":"post","link":"https:\/\/swissmig.unine.ch\/?p=2064","title":{"rendered":"Les repr\u00e9sentations sociales du travail de femmes immigr\u00e9es \u00e0 Gen\u00e8ve"},"content":{"rendered":"<h3>Author(s) : Aur\u00e9lie Winkelmann<\/h3>\n<h3>Source : <a href=\"https:\/\/serval.unil.ch\/notice\/serval:BIB_S_26197\" target=\"_blank\" rel=\"noopener\">https:\/\/serval.unil.ch\/notice\/serval:BIB_S_26197<\/a><\/h3>\n<p><strong>Abstract: <\/strong><!--more--><\/p>\n<blockquote><p>N \/ A<\/p><\/blockquote>\n<p>&nbsp;<\/p>\n","protected":false},"excerpt":{"rendered":"<p>Author(s) : Aur\u00e9lie Winkelmann Source : https:\/\/serval.unil.ch\/notice\/serval:BIB_S_26197 Abstract:<\/p>\n","protected":false},"author":4,"featured_media":0,"comment_status":"open","ping_status":"open","sticky":false,"template":"","format":"standard","meta":{"_kadence_starter_templates_imported_post":false,"_kad_post_transparent":"","_kad_post_title":"","_kad_post_layout":"","_kad_post_sidebar_id":"","_kad_post_content_style":"","_kad_post_vertical_padding":"","_kad_post_feature":"","_kad_post_feature_position":"","_kad_post_header":false,"_kad_post_footer":false,"_kad_post_classname":"","jetpack_post_was_ever_published":false,"_jetpack_newsletter_access":"","_jetpack_dont_email_post_to_subs":false,"_jetpack_newsletter_tier_id":0,"_jetpack_memberships_contains_paywalled_content":false,"_jetpack_memberships_contains_paid_content":false,"footnotes":""},"categories":[24],"tags":[48,52,341,17,19,100,319,91,201],"class_list":["post-2064","post","type-post","status-publish","format-standard","hentry","category-society-family-racism","tag-48","tag-french-language","tag-geneva","tag-immigrants","tag-labour-market","tag-labour-migration","tag-master-thesis","tag-social-integration","tag-women"],"jetpack_featured_media_url":"","jetpack_sharing_enabled":true,"_links":{"self":[{"href":"https:\/\/swissmig.unine.ch\/index.php?rest_route=\/wp\/v2\/posts\/2064","targetHints":{"allow":["GET"]}}],"collection":[{"href":"https:\/\/swissmig.unine.ch\/index.php?rest_route=\/wp\/v2\/posts"}],"about":[{"href":"https:\/\/swissmig.unine.ch\/index.php?rest_route=\/wp\/v2\/types\/post"}],"author":[{"embeddable":true,"href":"https:\/\/swissmig.unine.ch\/index.php?rest_route=\/wp\/v2\/users\/4"}],"replies":[{"embeddable":true,"href":"https:\/\/swissmig.unine.ch\/index.php?rest_route=%2Fwp%2Fv2%2Fcomments&post=2064"}],"version-history":[{"count":0,"href":"https:\/\/swissmig.unine.ch\/index.php?rest_route=\/wp\/v2\/posts\/2064\/revisions"}],"wp:attachment":[{"href":"https:\/\/swissmig.unine.ch\/index.php?rest_route=%2Fwp%2Fv2%2Fmedia&parent=2064"}],"wp:term":[{"taxonomy":"category","embeddable":true,"href":"https:\/\/swissmig.unine.ch\/index.php?rest_route=%2Fwp%2Fv2%2Fcategories&post=2064"},{"taxonomy":"post_tag","embeddable":true,"href":"https:\/\/swissmig.unine.ch\/index.php?rest_route=%2Fwp%2Fv2%2Ftags&post=2064"}],"curies":[{"name":"wp","href":"https:\/\/api.w.org\/{rel}","templated":true}]}}