{"id":2059,"date":"2018-03-20T14:15:24","date_gmt":"2018-03-20T13:15:24","guid":{"rendered":"https:\/\/swissmig.wordpress.com\/?p=2059"},"modified":"2018-03-20T14:15:24","modified_gmt":"2018-03-20T13:15:24","slug":"pourquoi-les-migrants-vivent-ils-plus-longtemps-analyse-des-differentiels-de-mortalite-des-populations-suisse-et-etrangeres-1990-2008","status":"publish","type":"post","link":"https:\/\/swissmig.unine.ch\/?p=2059","title":{"rendered":"Pourquoi les migrants vivent-ils plus longtemps?: analyse des diff\u00e9rentiels de mortalit\u00e9 des populations suisse et \u00e9trang\u00e8res 1990-2008"},"content":{"rendered":"<h3>Author(s) : Jonathan Zufferey<\/h3>\n<h3>Source : <a href=\"https:\/\/archive-ouverte.unige.ch\/unige:45176\" target=\"_blank\" rel=\"noopener\">https:\/\/archive-ouverte.unige.ch\/unige:45176<\/a><\/h3>\n<p><strong>Abstract: <\/strong><!--more--><\/p>\n<blockquote><p>Dans les soci\u00e9t\u00e9s postindustrielles contemporaines, les migrants ont g\u00e9n\u00e9ralement des risques de d\u00e9c\u00e8s inf\u00e9rieurs aux populations d\u2019accueil bien qu\u2019ils soient tendanciellement plus vuln\u00e9rables \u2013 ils ont des d\u00e9ficits dans les capitaux humain, social et \u00e9conomique. Il s\u2019agit l\u00e0 d\u2019un v\u00e9ritable paradoxe \u00e9pid\u00e9miologique car ces facteurs sociaux sont consid\u00e9r\u00e9s comme les causes fondamentales des in\u00e9galit\u00e9s de long\u00e9vit\u00e9. A travers le prisme de la soci\u00e9t\u00e9 suisse, cette th\u00e8se de doctorat pr\u00e9sente les derni\u00e8res tendances en termes de mortalit\u00e9 diff\u00e9rentielle entre les populations suisse et \u00e9trang\u00e8res. Par une vision globale et compr\u00e9hensive, nous mettons en exergue les particularit\u00e9s des populations migrantes afin d\u2019offrir des cl\u00e9s d\u2019interpr\u00e9tation \u00e0 ce fameux paradoxe. L\u2019\u00e9tude tente d\u2019approcher la migration dans toute sa profondeur en investiguant les diff\u00e9rentiels en fonction de l\u2019origine et du statut migratoire. En partant des outils de la d\u00e9mographie classique, en passant par des mod\u00e8les de r\u00e9gression et des arbres d\u2019induction, pour finir par des mod\u00e8les multiniveaux exprimant des risques spatiaux, la connaissance des processus et des populations s\u2019affermit. Au terme de ce manuscrit, nous aboutissons \u00e0 une synth\u00e8se sur les principaux m\u00e9canismes explicatifs. La discussion reviendra sur deux axes cl\u00e9s qui expriment, selon nous, l\u2019essentiel de l\u2019avantage observ\u00e9 : des biais de s\u00e9lection \u00e0 l\u2019entr\u00e9e et \u00e0 la sortie ainsi qu\u2019une \u00abculture de la migration\u00bb.<\/p><\/blockquote>\n<p>&nbsp;<\/p>\n","protected":false},"excerpt":{"rendered":"<p>Author(s) : Jonathan Zufferey Source : https:\/\/archive-ouverte.unige.ch\/unige:45176 Abstract:<\/p>\n","protected":false},"author":4,"featured_media":0,"comment_status":"open","ping_status":"open","sticky":false,"template":"","format":"standard","meta":{"_kadence_starter_templates_imported_post":false,"_kad_post_transparent":"","_kad_post_title":"","_kad_post_layout":"","_kad_post_sidebar_id":"","_kad_post_content_style":"","_kad_post_vertical_padding":"","_kad_post_feature":"","_kad_post_feature_position":"","_kad_post_header":false,"_kad_post_footer":false,"_kad_post_classname":"","jetpack_post_was_ever_published":false,"_jetpack_newsletter_access":"","_jetpack_dont_email_post_to_subs":false,"_jetpack_newsletter_tier_id":0,"_jetpack_memberships_contains_paywalled_content":false,"_jetpack_memberships_contains_paid_content":false,"footnotes":""},"categories":[277],"tags":[6,57,151,120,191,52,87,104,122,266,125,219],"class_list":["post-2059","post","type-post","status-publish","format-standard","hentry","category-demography-statistics","tag-6","tag-comparative-analysis","tag-cultural-identity","tag-data-analysis","tag-demography","tag-french-language","tag-history","tag-living-conditions","tag-migrants","tag-mortality","tag-social-capital","tag-thesis"],"jetpack_featured_media_url":"","jetpack_sharing_enabled":true,"_links":{"self":[{"href":"https:\/\/swissmig.unine.ch\/index.php?rest_route=\/wp\/v2\/posts\/2059","targetHints":{"allow":["GET"]}}],"collection":[{"href":"https:\/\/swissmig.unine.ch\/index.php?rest_route=\/wp\/v2\/posts"}],"about":[{"href":"https:\/\/swissmig.unine.ch\/index.php?rest_route=\/wp\/v2\/types\/post"}],"author":[{"embeddable":true,"href":"https:\/\/swissmig.unine.ch\/index.php?rest_route=\/wp\/v2\/users\/4"}],"replies":[{"embeddable":true,"href":"https:\/\/swissmig.unine.ch\/index.php?rest_route=%2Fwp%2Fv2%2Fcomments&post=2059"}],"version-history":[{"count":0,"href":"https:\/\/swissmig.unine.ch\/index.php?rest_route=\/wp\/v2\/posts\/2059\/revisions"}],"wp:attachment":[{"href":"https:\/\/swissmig.unine.ch\/index.php?rest_route=%2Fwp%2Fv2%2Fmedia&parent=2059"}],"wp:term":[{"taxonomy":"category","embeddable":true,"href":"https:\/\/swissmig.unine.ch\/index.php?rest_route=%2Fwp%2Fv2%2Fcategories&post=2059"},{"taxonomy":"post_tag","embeddable":true,"href":"https:\/\/swissmig.unine.ch\/index.php?rest_route=%2Fwp%2Fv2%2Ftags&post=2059"}],"curies":[{"name":"wp","href":"https:\/\/api.w.org\/{rel}","templated":true}]}}