{"id":2047,"date":"2018-03-16T17:31:52","date_gmt":"2018-03-16T16:31:52","guid":{"rendered":"https:\/\/swissmig.wordpress.com\/?p=2047"},"modified":"2018-03-16T17:31:52","modified_gmt":"2018-03-16T16:31:52","slug":"le-processus-de-determination-de-lage-des-requerants-dasile-mineurs-non-accompagnes-face-a-la-critique","status":"publish","type":"post","link":"https:\/\/swissmig.unine.ch\/?p=2047","title":{"rendered":"Le processus de d\u00e9termination de l&#8217;\u00e2ge des requ\u00e9rants d&#8217;asile mineurs non accompagn\u00e9s face \u00e0 la critique"},"content":{"rendered":"<h3>Author(s) : Elise Delley<\/h3>\n<h3>Source : <a href=\"https:\/\/archive-ouverte.unige.ch\/unige:160569\" target=\"_blank\" rel=\"noopener\">https:\/\/archive-ouverte.unige.ch\/unige:160569<\/a><\/h3>\n<p><strong>Abstract: <\/strong><!--more--><\/p>\n<blockquote><p>Des centaines de requ\u00e9rants d\u2019asile mineurs non accompagn\u00e9s d\u00e9posent une demande d\u2019asile en Suisse chaque ann\u00e9e. Conform\u00e9ment \u00e0 la Convention internationale des Nations Unies relative aux Droits de l\u2019enfant, la Suisse se doit d\u2019accorder \u00e0 cette cat\u00e9gorie de personnes les droits promulgu\u00e9s par ce texte. Encore faut-il pour cela que la minorit\u00e9 de ces requ\u00e9rants d\u2019asile soit reconnue par l\u2019Etat. En cas de doute important sur l\u2019\u00e2ge qu\u2019ils all\u00e8guent \u00e0 leur arriv\u00e9e, un processus de d\u00e9termination de l\u2019\u00e2ge peut prendre place. A l\u2019issu de ce dernier, de nombreux mineurs se voient refuser l\u2019acc\u00e8s \u00e0 des droits qui leur sont dus car l\u2019\u00e9valuation a estim\u00e9 qu\u2019il \u00e9tait majeur. En cons\u00e9quence, cette pratique est \u00e0 la source d\u2019une controverse quant \u00e0 son utilisation en Suisse. Par une approche qualitative bas\u00e9e principalement sur un recensement documentaire, ce m\u00e9moire commence par s\u2019interroger sur ce processus complexe de d\u00e9termination de l\u2019\u00e2ge. Il cherche ensuite plus particuli\u00e8rement \u00e0 \u00e9claircir la pratique des tests osseux au sein de ce processus. En r\u00e9pertoriant les diff\u00e9rentes positions des intervenants et en les analysant, nous avons pu r\u00e9pondre \u00e0 nos questions et pr\u00e9senter une synth\u00e8se du d\u00e9bat. Il a \u00e9t\u00e9 constat\u00e9 que ce test ne fait pas l\u2019unanimit\u00e9 mais est encore et toujours utilis\u00e9 dans certaines r\u00e9gions de Suisse. Son utilisation r\u00e9pond \u00e0 des questions politiques, pragmatiques et pratiques. Pas enti\u00e8rement satisfaisant, il demeure l\u2019outil m\u00e9dical le plus adapt\u00e9 \u00e0 la d\u00e9termination de l\u2019\u00e2ge biologique. Enfin, ce travail se termine avec des pistes de r\u00e9flexions futures qui s\u2019inscrivent dans une approche plus respectueuse des Droits de l\u2019enfant.<\/p><\/blockquote>\n","protected":false},"excerpt":{"rendered":"<p>Author(s) : Elise Delley Source : https:\/\/archive-ouverte.unige.ch\/unige:160569 Abstract:<\/p>\n","protected":false},"author":4,"featured_media":0,"comment_status":"open","ping_status":"open","sticky":false,"template":"","format":"standard","meta":{"_kadence_starter_templates_imported_post":false,"_kad_post_transparent":"","_kad_post_title":"","_kad_post_layout":"","_kad_post_sidebar_id":"","_kad_post_content_style":"","_kad_post_vertical_padding":"","_kad_post_feature":"","_kad_post_feature_position":"","_kad_post_header":false,"_kad_post_footer":false,"_kad_post_classname":"","jetpack_post_was_ever_published":false,"_jetpack_newsletter_access":"","_jetpack_dont_email_post_to_subs":false,"_jetpack_newsletter_tier_id":0,"_jetpack_memberships_contains_paywalled_content":false,"_jetpack_memberships_contains_paid_content":false,"footnotes":""},"categories":[12],"tags":[285,537,49,112,50,52,128,319,64,118],"class_list":["post-2047","post","type-post","status-publish","format-standard","hentry","category-politics","tag-285","tag-age-assessment","tag-asylum-policy","tag-asylum-procedure","tag-asylum-seekers","tag-french-language","tag-human-rights","tag-master-thesis","tag-unaccompanied-minors","tag-youth"],"jetpack_featured_media_url":"","jetpack_sharing_enabled":true,"_links":{"self":[{"href":"https:\/\/swissmig.unine.ch\/index.php?rest_route=\/wp\/v2\/posts\/2047","targetHints":{"allow":["GET"]}}],"collection":[{"href":"https:\/\/swissmig.unine.ch\/index.php?rest_route=\/wp\/v2\/posts"}],"about":[{"href":"https:\/\/swissmig.unine.ch\/index.php?rest_route=\/wp\/v2\/types\/post"}],"author":[{"embeddable":true,"href":"https:\/\/swissmig.unine.ch\/index.php?rest_route=\/wp\/v2\/users\/4"}],"replies":[{"embeddable":true,"href":"https:\/\/swissmig.unine.ch\/index.php?rest_route=%2Fwp%2Fv2%2Fcomments&post=2047"}],"version-history":[{"count":0,"href":"https:\/\/swissmig.unine.ch\/index.php?rest_route=\/wp\/v2\/posts\/2047\/revisions"}],"wp:attachment":[{"href":"https:\/\/swissmig.unine.ch\/index.php?rest_route=%2Fwp%2Fv2%2Fmedia&parent=2047"}],"wp:term":[{"taxonomy":"category","embeddable":true,"href":"https:\/\/swissmig.unine.ch\/index.php?rest_route=%2Fwp%2Fv2%2Fcategories&post=2047"},{"taxonomy":"post_tag","embeddable":true,"href":"https:\/\/swissmig.unine.ch\/index.php?rest_route=%2Fwp%2Fv2%2Ftags&post=2047"}],"curies":[{"name":"wp","href":"https:\/\/api.w.org\/{rel}","templated":true}]}}