{"id":2041,"date":"2018-03-15T10:30:13","date_gmt":"2018-03-15T09:30:13","guid":{"rendered":"https:\/\/swissmig.wordpress.com\/?p=2041"},"modified":"2018-03-15T10:30:13","modified_gmt":"2018-03-15T09:30:13","slug":"migrations-transnationales-senegalaises-integration-et-developpement-le-role-des-associations-de-la-diaspora-a-milan-paris-et-geneve","status":"publish","type":"post","link":"https:\/\/swissmig.unine.ch\/?p=2041","title":{"rendered":"Migrations transnationales s\u00e9n\u00e9galaises, int\u00e9gration et d\u00e9veloppement. Le r\u00f4le des associations de la diaspora \u00e0 Milan, Paris et Gen\u00e8ve"},"content":{"rendered":"<h3>Author(s) : Jenny Maggi, Dame Sarr, Eva Green, Oriane Sarrasin, Anna Ferro<\/h3>\n<h3>Source : <a href=\"http:\/\/archive-ouverte.unige.ch\/unige:27795?gathStatIcon=true\" target=\"_blank\" rel=\"noopener\">http:\/\/archive-ouverte.unige.ch\/unige:27795?gathStatIcon=true<\/a><\/h3>\n<p><strong>Abstract: <\/strong><!--more--><\/p>\n<blockquote>\n<div class=\"abstractSection abstractInFull\">\n<div class=\"textLayer\">\n<div>Au travers d\u2019une approche comparative entre trois pays d\u2019accueil europ\u00e9ens, l\u2019Italie, la France et la Suisse \u2013 et plus sp\u00e9cifiquement au niveau des contextes urbains de Milan, Paris et Gen\u00e8ve &#8211; cette \u00e9tude a examin\u00e9 l\u2019impact des politiques d\u2019int\u00e9gration et de migration\/d\u00e9veloppement propres \u00e0 chaque contexte sur les dynamiques associatives d\u2019une diaspora particuli\u00e8rement caract\u00e9ris\u00e9e par le transnationalisme, \u00e0 savoir la diaspora s\u00e9n\u00e9galaise. L&#8217;\u00e9tude s&#8217;est \u00e9galement attach\u00e9 \u00e0 examiner les liens \u00e9tablis entre l&#8217;int\u00e9gration et le transnationalisme, tant au niveau des politiques publiques qu&#8217;\u00e0 celui des activit\u00e9s associatives.<\/div>\n<\/div>\n<\/div>\n<\/blockquote>\n<p>&nbsp;<\/p>\n","protected":false},"excerpt":{"rendered":"<p>Author(s) : Jenny Maggi, Dame Sarr, Eva Green, Oriane Sarrasin,&#8230;<\/p>\n","protected":false},"author":4,"featured_media":0,"comment_status":"open","ping_status":"open","sticky":false,"template":"","format":"standard","meta":{"_kadence_starter_templates_imported_post":false,"_kad_post_transparent":"","_kad_post_title":"","_kad_post_layout":"","_kad_post_sidebar_id":"","_kad_post_content_style":"","_kad_post_vertical_padding":"","_kad_post_feature":"","_kad_post_feature_position":"","_kad_post_header":false,"_kad_post_footer":false,"_kad_post_classname":"","jetpack_post_was_ever_published":false,"_jetpack_newsletter_access":"","_jetpack_dont_email_post_to_subs":false,"_jetpack_newsletter_tier_id":0,"_jetpack_memberships_contains_paywalled_content":false,"_jetpack_memberships_contains_paid_content":false,"footnotes":""},"categories":[12],"tags":[75,119,57,136,197,52,387,253,249,535,91,26],"class_list":["post-2041","post","type-post","status-publish","format-standard","hentry","category-politics","tag-75","tag-associations","tag-comparative-analysis","tag-diasporas","tag-france","tag-french-language","tag-integration-policy","tag-italy","tag-report","tag-senegalese","tag-social-integration","tag-transnationalism"],"jetpack_featured_media_url":"","jetpack_sharing_enabled":true,"_links":{"self":[{"href":"https:\/\/swissmig.unine.ch\/index.php?rest_route=\/wp\/v2\/posts\/2041","targetHints":{"allow":["GET"]}}],"collection":[{"href":"https:\/\/swissmig.unine.ch\/index.php?rest_route=\/wp\/v2\/posts"}],"about":[{"href":"https:\/\/swissmig.unine.ch\/index.php?rest_route=\/wp\/v2\/types\/post"}],"author":[{"embeddable":true,"href":"https:\/\/swissmig.unine.ch\/index.php?rest_route=\/wp\/v2\/users\/4"}],"replies":[{"embeddable":true,"href":"https:\/\/swissmig.unine.ch\/index.php?rest_route=%2Fwp%2Fv2%2Fcomments&post=2041"}],"version-history":[{"count":0,"href":"https:\/\/swissmig.unine.ch\/index.php?rest_route=\/wp\/v2\/posts\/2041\/revisions"}],"wp:attachment":[{"href":"https:\/\/swissmig.unine.ch\/index.php?rest_route=%2Fwp%2Fv2%2Fmedia&parent=2041"}],"wp:term":[{"taxonomy":"category","embeddable":true,"href":"https:\/\/swissmig.unine.ch\/index.php?rest_route=%2Fwp%2Fv2%2Fcategories&post=2041"},{"taxonomy":"post_tag","embeddable":true,"href":"https:\/\/swissmig.unine.ch\/index.php?rest_route=%2Fwp%2Fv2%2Ftags&post=2041"}],"curies":[{"name":"wp","href":"https:\/\/api.w.org\/{rel}","templated":true}]}}