{"id":20303,"date":"2020-10-19T08:00:00","date_gmt":"2020-10-19T07:00:00","guid":{"rendered":"https:\/\/swissmig.wordpress.com\/?p=20303"},"modified":"2020-10-19T08:00:00","modified_gmt":"2020-10-19T07:00:00","slug":"la-pratique-de-la-suisse-en-matiere-dasile-de-1979-a-2019-etat-des-lieux","status":"publish","type":"post","link":"https:\/\/swissmig.unine.ch\/?p=20303","title":{"rendered":"La pratique de la Suisse en mati\u00e8re d\u2019asile de 1979 \u00e0 2019 : \u00e9tat des lieux"},"content":{"rendered":"<h3>Author(s) : Stephan Parak<\/h3>\n<h3>Source : <a href=\"https:\/\/www.sem.admin.ch\/sem\/fr\/home\/publiservice\/publikationen.html\" target=\"_blank\" rel=\"noopener\">https:\/\/www.sem.admin.ch\/sem\/fr\/home\/publiservice\/publikationen.html<\/a><\/h3>\n<h3>PDF : <a href=\"https:\/\/www.sem.admin.ch\/dam\/sem\/fr\/data\/publiservice\/publikationen\/asylpraxis-schweiz-1979-2019.pdf.download.pdf\/asylpraxis-schweiz-1979-2019-f.pdf\" target=\"_blank\" rel=\"noopener\">https:\/\/www.sem.admin.ch\/dam\/sem\/fr\/data\/publiservice\/publikationen\/asylpraxis-schweiz-1979-2019.pdf.download.pdf\/asylpraxis-schweiz-1979-2019-f.pdf<\/a><\/h3>\n<p><strong>Abstract: <\/strong><!--more--><\/p>\n<blockquote>\n<div class=\"hlFld-Abstract\">\n<div class=\"abstractSection abstractInFull\">&#8220;L\u2019\u00e9tude Pratique de la Suisse en mati\u00e8re d\u2019asile de 1979 \u00e0 2019 de l\u2019historien Stephan Parak offre sur 208 pages un aper\u00e7u factuel de la pratique de la Suisse en mati\u00e8re d\u2019asile et de renvoi durant quatre d\u00e9cennies dans l\u2019optique de la Conf\u00e9d\u00e9ration. En tant qu\u2019ouvrage de r\u00e9f\u00e9rence et d\u2019introduction \u00e0 la th\u00e9matique, cette description compacte est destin\u00e9e aussi bien aux sp\u00e9cialistes qu\u2019au public int\u00e9ress\u00e9.&#8221;<\/div>\n<\/div>\n<\/blockquote>\n","protected":false},"excerpt":{"rendered":"<p>Author(s) : Stephan Parak Source : https:\/\/www.sem.admin.ch\/sem\/fr\/home\/publiservice\/publikationen.html PDF : https:\/\/www.sem.admin.ch\/dam\/sem\/fr\/data\/publiservice\/publikationen\/asylpraxis-schweiz-1979-2019.pdf.download.pdf\/asylpraxis-schweiz-1979-2019-f.pdf&#8230;<\/p>\n","protected":false},"author":4,"featured_media":0,"comment_status":"open","ping_status":"open","sticky":false,"template":"","format":"standard","meta":{"_kadence_starter_templates_imported_post":false,"_kad_post_transparent":"","_kad_post_title":"","_kad_post_layout":"","_kad_post_sidebar_id":"","_kad_post_content_style":"","_kad_post_vertical_padding":"","_kad_post_feature":"","_kad_post_feature_position":"","_kad_post_header":false,"_kad_post_footer":false,"_kad_post_classname":"","jetpack_post_was_ever_published":false,"_jetpack_newsletter_access":"","_jetpack_dont_email_post_to_subs":false,"_jetpack_newsletter_tier_id":0,"_jetpack_memberships_contains_paywalled_content":false,"_jetpack_memberships_contains_paid_content":false,"footnotes":""},"categories":[12],"tags":[654,111,49,112,651,92,120,163,450,52,87,563,216,249,379,46],"class_list":["post-20303","post","type-post","status-publish","format-standard","hentry","category-politics","tag-654","tag-asylum-applications","tag-asylum-policy","tag-asylum-procedure","tag-asylum-recognition-rates","tag-country-of-origin","tag-data-analysis","tag-deportation","tag-dublin-convention","tag-french-language","tag-history","tag-immigration-law","tag-international-cooperation","tag-report","tag-resettlement","tag-return-migration"],"jetpack_featured_media_url":"","jetpack_sharing_enabled":true,"_links":{"self":[{"href":"https:\/\/swissmig.unine.ch\/index.php?rest_route=\/wp\/v2\/posts\/20303","targetHints":{"allow":["GET"]}}],"collection":[{"href":"https:\/\/swissmig.unine.ch\/index.php?rest_route=\/wp\/v2\/posts"}],"about":[{"href":"https:\/\/swissmig.unine.ch\/index.php?rest_route=\/wp\/v2\/types\/post"}],"author":[{"embeddable":true,"href":"https:\/\/swissmig.unine.ch\/index.php?rest_route=\/wp\/v2\/users\/4"}],"replies":[{"embeddable":true,"href":"https:\/\/swissmig.unine.ch\/index.php?rest_route=%2Fwp%2Fv2%2Fcomments&post=20303"}],"version-history":[{"count":0,"href":"https:\/\/swissmig.unine.ch\/index.php?rest_route=\/wp\/v2\/posts\/20303\/revisions"}],"wp:attachment":[{"href":"https:\/\/swissmig.unine.ch\/index.php?rest_route=%2Fwp%2Fv2%2Fmedia&parent=20303"}],"wp:term":[{"taxonomy":"category","embeddable":true,"href":"https:\/\/swissmig.unine.ch\/index.php?rest_route=%2Fwp%2Fv2%2Fcategories&post=20303"},{"taxonomy":"post_tag","embeddable":true,"href":"https:\/\/swissmig.unine.ch\/index.php?rest_route=%2Fwp%2Fv2%2Ftags&post=20303"}],"curies":[{"name":"wp","href":"https:\/\/api.w.org\/{rel}","templated":true}]}}