{"id":20299,"date":"2020-10-19T08:00:00","date_gmt":"2020-10-19T07:00:00","guid":{"rendered":"https:\/\/swissmig.wordpress.com\/?p=20299"},"modified":"2020-10-19T08:00:00","modified_gmt":"2020-10-19T07:00:00","slug":"asylpraxis-der-schweiz-von-1979-bis-2019-eine-bestandesaufnahme","status":"publish","type":"post","link":"https:\/\/swissmig.unine.ch\/?p=20299","title":{"rendered":"Asylpraxis der Schweiz von 1979 bis 2019: Eine Bestandesaufnahme"},"content":{"rendered":"<h3>Author(s) : Stephan Parak<\/h3>\n<h3>Source : <a href=\"https:\/\/www.sem.admin.ch\/sem\/de\/home\/publiservice\/publikationen.html\" target=\"_blank\" rel=\"noopener\">https:\/\/www.sem.admin.ch\/sem\/de\/home\/publiservice\/publikationen.html<\/a><\/h3>\n<h3>PDF : <a href=\"https:\/\/www.sem.admin.ch\/dam\/sem\/de\/data\/publiservice\/publikationen\/asylpraxis-schweiz-1979-2019.pdf.download.pdf\/asylpraxis-schweiz-1979-2019-d.pdf\" target=\"_blank\" rel=\"noopener\">https:\/\/www.sem.admin.ch\/dam\/sem\/de\/data\/publiservice\/publikationen\/asylpraxis-schweiz-1979-2019.pdf.download.pdf\/asylpraxis-schweiz-1979-2019-d.pdf<\/a><\/h3>\n<p><strong>Abstract: <\/strong><!--more--><\/p>\n<blockquote>\n<div class=\"hlFld-Abstract\">\n<div class=\"abstractSection abstractInFull\">&#8220;Die Bestandesaufnahme \u00abAsylpraxis der Schweiz von 1979 bis 2019\u00bb des Historikers Stephan Parak bietet auf 208 Seiten einen faktentreuen \u00dcberblick \u00fcber vier Jahrzehnte Schweizer Asyl- und Wegweisungspraxis aus der Perspektive der Bundesverwaltung. Die kompakte Darstellung d\u00fcrfte als Nachschlagewerk wie auch als Einf\u00fchrung \u00fcber den grossen Kreis von Fachleuten hinaus von Interesse und von Nutzen sein.&#8221;<\/div>\n<\/div>\n<\/blockquote>\n","protected":false},"excerpt":{"rendered":"<p>Author(s) : Stephan Parak Source : https:\/\/www.sem.admin.ch\/sem\/de\/home\/publiservice\/publikationen.html PDF : https:\/\/www.sem.admin.ch\/dam\/sem\/de\/data\/publiservice\/publikationen\/asylpraxis-schweiz-1979-2019.pdf.download.pdf\/asylpraxis-schweiz-1979-2019-d.pdf&#8230;<\/p>\n","protected":false},"author":4,"featured_media":0,"comment_status":"open","ping_status":"open","sticky":false,"template":"","format":"standard","meta":{"_kadence_starter_templates_imported_post":false,"_kad_post_transparent":"","_kad_post_title":"","_kad_post_layout":"","_kad_post_sidebar_id":"","_kad_post_content_style":"","_kad_post_vertical_padding":"","_kad_post_feature":"","_kad_post_feature_position":"","_kad_post_header":false,"_kad_post_footer":false,"_kad_post_classname":"","jetpack_post_was_ever_published":false,"_jetpack_newsletter_access":"","_jetpack_dont_email_post_to_subs":false,"_jetpack_newsletter_tier_id":0,"_jetpack_memberships_contains_paywalled_content":false,"_jetpack_memberships_contains_paid_content":false,"footnotes":""},"categories":[12],"tags":[654,111,49,112,651,92,120,163,450,73,87,563,216,249,379,46],"class_list":["post-20299","post","type-post","status-publish","format-standard","hentry","category-politics","tag-654","tag-asylum-applications","tag-asylum-policy","tag-asylum-procedure","tag-asylum-recognition-rates","tag-country-of-origin","tag-data-analysis","tag-deportation","tag-dublin-convention","tag-german-language","tag-history","tag-immigration-law","tag-international-cooperation","tag-report","tag-resettlement","tag-return-migration"],"jetpack_featured_media_url":"","jetpack_sharing_enabled":true,"_links":{"self":[{"href":"https:\/\/swissmig.unine.ch\/index.php?rest_route=\/wp\/v2\/posts\/20299","targetHints":{"allow":["GET"]}}],"collection":[{"href":"https:\/\/swissmig.unine.ch\/index.php?rest_route=\/wp\/v2\/posts"}],"about":[{"href":"https:\/\/swissmig.unine.ch\/index.php?rest_route=\/wp\/v2\/types\/post"}],"author":[{"embeddable":true,"href":"https:\/\/swissmig.unine.ch\/index.php?rest_route=\/wp\/v2\/users\/4"}],"replies":[{"embeddable":true,"href":"https:\/\/swissmig.unine.ch\/index.php?rest_route=%2Fwp%2Fv2%2Fcomments&post=20299"}],"version-history":[{"count":0,"href":"https:\/\/swissmig.unine.ch\/index.php?rest_route=\/wp\/v2\/posts\/20299\/revisions"}],"wp:attachment":[{"href":"https:\/\/swissmig.unine.ch\/index.php?rest_route=%2Fwp%2Fv2%2Fmedia&parent=20299"}],"wp:term":[{"taxonomy":"category","embeddable":true,"href":"https:\/\/swissmig.unine.ch\/index.php?rest_route=%2Fwp%2Fv2%2Fcategories&post=20299"},{"taxonomy":"post_tag","embeddable":true,"href":"https:\/\/swissmig.unine.ch\/index.php?rest_route=%2Fwp%2Fv2%2Ftags&post=20299"}],"curies":[{"name":"wp","href":"https:\/\/api.w.org\/{rel}","templated":true}]}}