{"id":2011,"date":"2018-03-06T14:29:58","date_gmt":"2018-03-06T13:29:58","guid":{"rendered":"https:\/\/swissmig.wordpress.com\/?p=2011"},"modified":"2018-03-06T14:29:58","modified_gmt":"2018-03-06T13:29:58","slug":"manuel-de-prise-en-charge-des-enfants-separes-en-suisse-guide-pratique-a-lusage-des-professionnels","status":"publish","type":"post","link":"https:\/\/swissmig.unine.ch\/?p=2011","title":{"rendered":"Manuel de prise en charge des enfants s\u00e9par\u00e9s en Suisse. Guide pratique \u00e0 l\u2019usage des professionnels"},"content":{"rendered":"<h3>Author(s) : Fondation suisse du service social international<\/h3>\n<h3>Source : <a href=\"https:\/\/www.unige.ch\/cide\/files\/1714\/9278\/0079\/Manuel_de_prise_en_charge_des_enfants_separes_en_Suisse.pdf\" target=\"_blank\" rel=\"noopener\">https:\/\/www.unige.ch\/cide\/files\/1714\/9278\/0079\/Manuel_de_prise_en_charge_des_enfants_separes_en_Suisse.pdf<\/a><\/h3>\n<p><strong>Abstract: <\/strong><!--more--><\/p>\n<blockquote>\n<div>L\u2019appellation \u00ab enfants s\u00e9par\u00e9s \u00bb d\u00e9signe les enfants ou adolescents qui, pour des motifs divers, sont \u00e9loign\u00e9s de leur milieu familial d\u2019origine. La situation de ces jeunes migrants est souvent complexe et requiert une \u00e9valuation personnalis\u00e9e.<\/div>\n<div>Il est de la responsabilit\u00e9 des \u00c9tats d\u2019accueil d\u2019organiser une prise en charge des enfants s\u00e9par\u00e9s adapt\u00e9e et respectueuse des droits de l\u2019enfant. Or, la proc\u00e9dure d\u2019asile seule ne permet pas d\u2019\u00e9valuer la situation d\u2019un enfant s\u00e9par\u00e9 selon l\u2019ensemble des principes \u00e9voqu\u00e9s dans la Convention relative aux droits de l\u2019enfant (CDE), ratifi\u00e9e par la Suisse en 1997. La CDE souligne notamment la n\u00e9cessit\u00e9 d\u2019\u00e9valuer l\u2019int\u00e9r\u00eat sup\u00e9rieur de l\u2019enfant (article 3) et de le droit d\u2019\u00eatre entendu dans toutes les proc\u00e9dures qui le concernent (article 12). Il est ainsi du devoir des pays d\u2019accueil de mettre en place des proc\u00e9dures qui respectent non seulement la position de l\u2019enfant en tant que \u00ab mineur \u00bb avec des besoins sp\u00e9cifiques, mais \u00e9galement en tant qu\u2019 \u00ab acteur \u00bbde son propre parcours. Chaque enfant a ainsi droit \u00e0 ce que sa situation personnelle soit \u00e9valu\u00e9e et consid\u00e9r\u00e9e dans tous les changements qui concernent sa vie.<\/div>\n<\/blockquote>\n<p>&nbsp;<\/p>\n","protected":false},"excerpt":{"rendered":"<p>Author(s) : Fondation suisse du service social international Source :&#8230;<\/p>\n","protected":false},"author":4,"featured_media":0,"comment_status":"open","ping_status":"open","sticky":false,"template":"","format":"standard","meta":{"_kadence_starter_templates_imported_post":false,"_kad_post_transparent":"","_kad_post_title":"","_kad_post_layout":"","_kad_post_sidebar_id":"","_kad_post_content_style":"","_kad_post_vertical_padding":"","_kad_post_feature":"","_kad_post_feature_position":"","_kad_post_header":false,"_kad_post_footer":false,"_kad_post_classname":"","jetpack_post_was_ever_published":false,"_jetpack_newsletter_access":"","_jetpack_dont_email_post_to_subs":false,"_jetpack_newsletter_tier_id":0,"_jetpack_memberships_contains_paywalled_content":false,"_jetpack_memberships_contains_paid_content":false,"footnotes":""},"categories":[171,43],"tags":[48,49,56,318,21,52,129,249,117,91,312,64,118],"class_list":["post-2011","post","type-post","status-publish","format-standard","hentry","category-generalities","category-the-migration-phenomenon","tag-48","tag-asylum-policy","tag-care","tag-children","tag-family","tag-french-language","tag-law","tag-report","tag-school-integration","tag-social-integration","tag-social-work","tag-unaccompanied-minors","tag-youth"],"jetpack_featured_media_url":"","jetpack_sharing_enabled":true,"_links":{"self":[{"href":"https:\/\/swissmig.unine.ch\/index.php?rest_route=\/wp\/v2\/posts\/2011","targetHints":{"allow":["GET"]}}],"collection":[{"href":"https:\/\/swissmig.unine.ch\/index.php?rest_route=\/wp\/v2\/posts"}],"about":[{"href":"https:\/\/swissmig.unine.ch\/index.php?rest_route=\/wp\/v2\/types\/post"}],"author":[{"embeddable":true,"href":"https:\/\/swissmig.unine.ch\/index.php?rest_route=\/wp\/v2\/users\/4"}],"replies":[{"embeddable":true,"href":"https:\/\/swissmig.unine.ch\/index.php?rest_route=%2Fwp%2Fv2%2Fcomments&post=2011"}],"version-history":[{"count":0,"href":"https:\/\/swissmig.unine.ch\/index.php?rest_route=\/wp\/v2\/posts\/2011\/revisions"}],"wp:attachment":[{"href":"https:\/\/swissmig.unine.ch\/index.php?rest_route=%2Fwp%2Fv2%2Fmedia&parent=2011"}],"wp:term":[{"taxonomy":"category","embeddable":true,"href":"https:\/\/swissmig.unine.ch\/index.php?rest_route=%2Fwp%2Fv2%2Fcategories&post=2011"},{"taxonomy":"post_tag","embeddable":true,"href":"https:\/\/swissmig.unine.ch\/index.php?rest_route=%2Fwp%2Fv2%2Ftags&post=2011"}],"curies":[{"name":"wp","href":"https:\/\/api.w.org\/{rel}","templated":true}]}}