{"id":2007,"date":"2018-03-06T14:02:06","date_gmt":"2018-03-06T13:02:06","guid":{"rendered":"https:\/\/swissmig.wordpress.com\/?p=2007"},"modified":"2018-03-06T14:02:06","modified_gmt":"2018-03-06T13:02:06","slug":"requerant-es-dasile-mineur-es-non-accompagne-es-en-suisse-dispositif-institutionnel-de-prise-en-charge-reactions-au-vecu-de-lexil-et-comportement-identitaire","status":"publish","type":"post","link":"https:\/\/swissmig.unine.ch\/?p=2007","title":{"rendered":"Requ\u00e9rant-es d&#8217;asile mineur-es non accompagn\u00e9-es en Suisse: dispositif institutionnel de prise en charge, r\u00e9actions au v\u00e9cu de l&#8217;exil et comportement identitaire"},"content":{"rendered":"<h3>Author(s) : Claudio Bolzman, Ludovic Rossel, Alexandra Felder, Jean-Pierre Tabin<\/h3>\n<h3>Source : <a href=\"https:\/\/doc.rero.ch\/record\/257575\/files\/Bolzman_Mineurs_non_accompagnes.pdf\" target=\"_blank\" rel=\"noopener\">https:\/\/doc.rero.ch\/record\/257575\/files\/Bolzman_Mineurs_non_accompagnes.pdf<\/a><\/h3>\n<p><strong>Abstract: <\/strong><!--more--><\/p>\n<blockquote>\n<div>L\u2019int\u00e9r\u00eat pour la probl\u00e9matique des &#8220;requ\u00e9rant\u00b7e\u00b7s d\u2019asile mineur\u00b7e\u00b7s non accompagn\u00e9\u00b7e\u00b7s&#8221; (MNA) commence \u00e0 \u00e9merger en Suisse au d\u00e9but des ann\u00e9es 90 (Educateur Magazine, 4\/1996). Malgr\u00e9 une premi\u00e8re directive (sommaire) de l\u2019ODR en 1989, les organismes d\u2019entraide soulignaient \u00e0 cette \u00e9poque les carences de leur prise en charge institutionnelle et juridique, contribuant par la m\u00eame occasion \u00e0 donner une certaine visibilit\u00e9 \u00e0 cette cat\u00e9gorie d\u2019exil\u00e9\u00b7e\u00b7s et \u00e0 la constituer en<\/div>\n<div>&#8220;probl\u00e8me social&#8221; sp\u00e9cifique. La d\u00e9nonciation d\u2019octobre 1991 au Conseil f\u00e9d\u00e9ral, suite \u00e0 la d\u00e9cision de renvoi de deux mineurs h\u00e9berg\u00e9s dans le canton de Vaud, r\u00e9v\u00e9lait les principales lacunes du traitement des MNA, qui ont constitu\u00e9\u2013avec d\u2019autres par la suite\u2013les points d\u2019achoppement majeurs entre les institutions de d\u00e9fense du droit d\u2019asile et les autorit\u00e9s comp\u00e9tentes. De mani\u00e8re g\u00e9n\u00e9rale, les discussions se sont concentr\u00e9es autour de l\u2019opposition entre la protection des mineur\u00b7e\u00b7s et le droit d\u2019asile (les autorit\u00e9s doivent notamment tenir compte de la Convention des droits de l\u2019enfant de 1989, sign\u00e9e par la Suisse en 1991 et entr\u00e9e en vigueur en 1997).<\/div>\n<\/blockquote>\n<p>&nbsp;<\/p>\n","protected":false},"excerpt":{"rendered":"<p>Author(s) : Claudio Bolzman, Ludovic Rossel, Alexandra Felder, Jean-Pierre Tabin&#8230;<\/p>\n","protected":false},"author":4,"featured_media":0,"comment_status":"open","ping_status":"open","sticky":false,"template":"","format":"standard","meta":{"_kadence_starter_templates_imported_post":false,"_kad_post_transparent":"","_kad_post_title":"","_kad_post_layout":"","_kad_post_sidebar_id":"","_kad_post_content_style":"","_kad_post_vertical_padding":"","_kad_post_feature":"","_kad_post_feature_position":"","_kad_post_header":false,"_kad_post_footer":false,"_kad_post_classname":"","jetpack_post_was_ever_published":false,"_jetpack_newsletter_access":"","_jetpack_dont_email_post_to_subs":false,"_jetpack_newsletter_tier_id":0,"_jetpack_memberships_contains_paywalled_content":false,"_jetpack_memberships_contains_paid_content":false,"footnotes":""},"categories":[24],"tags":[85,119,111,49,56,318,151,52,87,272,249,91,64,370],"class_list":["post-2007","post","type-post","status-publish","format-standard","hentry","category-society-family-racism","tag-85","tag-associations","tag-asylum-applications","tag-asylum-policy","tag-care","tag-children","tag-cultural-identity","tag-french-language","tag-history","tag-non-refoulement-principle","tag-report","tag-social-integration","tag-unaccompanied-minors","tag-vaud"],"jetpack_featured_media_url":"","jetpack_sharing_enabled":true,"_links":{"self":[{"href":"https:\/\/swissmig.unine.ch\/index.php?rest_route=\/wp\/v2\/posts\/2007","targetHints":{"allow":["GET"]}}],"collection":[{"href":"https:\/\/swissmig.unine.ch\/index.php?rest_route=\/wp\/v2\/posts"}],"about":[{"href":"https:\/\/swissmig.unine.ch\/index.php?rest_route=\/wp\/v2\/types\/post"}],"author":[{"embeddable":true,"href":"https:\/\/swissmig.unine.ch\/index.php?rest_route=\/wp\/v2\/users\/4"}],"replies":[{"embeddable":true,"href":"https:\/\/swissmig.unine.ch\/index.php?rest_route=%2Fwp%2Fv2%2Fcomments&post=2007"}],"version-history":[{"count":0,"href":"https:\/\/swissmig.unine.ch\/index.php?rest_route=\/wp\/v2\/posts\/2007\/revisions"}],"wp:attachment":[{"href":"https:\/\/swissmig.unine.ch\/index.php?rest_route=%2Fwp%2Fv2%2Fmedia&parent=2007"}],"wp:term":[{"taxonomy":"category","embeddable":true,"href":"https:\/\/swissmig.unine.ch\/index.php?rest_route=%2Fwp%2Fv2%2Fcategories&post=2007"},{"taxonomy":"post_tag","embeddable":true,"href":"https:\/\/swissmig.unine.ch\/index.php?rest_route=%2Fwp%2Fv2%2Ftags&post=2007"}],"curies":[{"name":"wp","href":"https:\/\/api.w.org\/{rel}","templated":true}]}}