{"id":1977,"date":"2018-02-26T12:35:03","date_gmt":"2018-02-26T11:35:03","guid":{"rendered":"https:\/\/swissmig.wordpress.com\/?p=1977"},"modified":"2018-02-26T12:35:03","modified_gmt":"2018-02-26T11:35:03","slug":"lintegration-une-vieille-histoire-mais-de-nouveaux-besoins","status":"publish","type":"post","link":"https:\/\/swissmig.unine.ch\/?p=1977","title":{"rendered":"L&#8217;int\u00e9gration: une vieille histoire mais de nouveaux besoins"},"content":{"rendered":"<h3>Author(s) : Etienne Piguet<\/h3>\n<h3>Source : <a href=\"http:\/\/www.hsl.ethz.ch\/pdfs\/15_VSH_bulletin_Nov_web.pdf\" target=\"_blank\" rel=\"noopener\">http:\/\/www.hsl.ethz.ch\/pdfs\/15_VSH_bulletin_Nov_web.pdf<\/a><\/h3>\n<p><!--more--><\/p>\n<blockquote>\n<div>Le parlement suisse a d\u00e9sormais promu l\u2018int\u00e9gration \u00abmission essentielle de l\u2018\u00c9tat et de la soci\u00e9t\u00e9\u00bb par une motion adopt\u00e9e en 2007. La question m\u00e9rite d\u2019\u00eatre pos\u00e9e, car la Suisse est une terre d\u2019immigration depuis des d\u00e9cennies et l\u2019int\u00e9gration, dans l\u2019ensemble, s\u2019y est bien pass\u00e9e&#8230; sans politique d\u2019int\u00e9gration. C\u2019est ce que d\u00e9montrent la mobilit\u00e9 sociale des immigrants de deuxi\u00e8me g\u00e9n\u00e9ration, l\u2019acquisition des<\/div>\n<div>langues nationales, les mariages mixtes, l\u2019absence de s\u00e9gr\u00e9gation spatiale dans les villes suisses et une s\u00e9rie d\u2019autres indicateurs. Des politiques d\u2019int\u00e9gration seraient-elles donc n\u00e9cessaires aujourd\u2019hui plus qu\u2019hier? La r\u00e9ponse est oui et nous allons l\u2019\u00e9tayer dans cet article.<\/div>\n<\/blockquote>\n<p>&nbsp;<\/p>\n","protected":false},"excerpt":{"rendered":"<p>Author(s) : Etienne Piguet Source : http:\/\/www.hsl.ethz.ch\/pdfs\/15_VSH_bulletin_Nov_web.pdf<\/p>\n","protected":false},"author":4,"featured_media":0,"comment_status":"open","ping_status":"open","sticky":false,"template":"","format":"standard","meta":{"_kadence_starter_templates_imported_post":false,"_kad_post_transparent":"","_kad_post_title":"","_kad_post_layout":"","_kad_post_sidebar_id":"","_kad_post_content_style":"","_kad_post_vertical_padding":"","_kad_post_feature":"","_kad_post_feature_position":"","_kad_post_header":false,"_kad_post_footer":false,"_kad_post_classname":"","jetpack_post_was_ever_published":false,"_jetpack_newsletter_access":"","_jetpack_dont_email_post_to_subs":false,"_jetpack_newsletter_tier_id":0,"_jetpack_memberships_contains_paywalled_content":false,"_jetpack_memberships_contains_paid_content":false,"footnotes":""},"categories":[12],"tags":[141,7,52,87,387,36,110,145,47,91],"class_list":["post-1977","post","type-post","status-publish","format-standard","hentry","category-politics","tag-141","tag-article","tag-french-language","tag-history","tag-integration-policy","tag-migration-policy","tag-mobility","tag-second-generation","tag-social-inequalities","tag-social-integration"],"jetpack_featured_media_url":"","jetpack_sharing_enabled":true,"_links":{"self":[{"href":"https:\/\/swissmig.unine.ch\/index.php?rest_route=\/wp\/v2\/posts\/1977","targetHints":{"allow":["GET"]}}],"collection":[{"href":"https:\/\/swissmig.unine.ch\/index.php?rest_route=\/wp\/v2\/posts"}],"about":[{"href":"https:\/\/swissmig.unine.ch\/index.php?rest_route=\/wp\/v2\/types\/post"}],"author":[{"embeddable":true,"href":"https:\/\/swissmig.unine.ch\/index.php?rest_route=\/wp\/v2\/users\/4"}],"replies":[{"embeddable":true,"href":"https:\/\/swissmig.unine.ch\/index.php?rest_route=%2Fwp%2Fv2%2Fcomments&post=1977"}],"version-history":[{"count":0,"href":"https:\/\/swissmig.unine.ch\/index.php?rest_route=\/wp\/v2\/posts\/1977\/revisions"}],"wp:attachment":[{"href":"https:\/\/swissmig.unine.ch\/index.php?rest_route=%2Fwp%2Fv2%2Fmedia&parent=1977"}],"wp:term":[{"taxonomy":"category","embeddable":true,"href":"https:\/\/swissmig.unine.ch\/index.php?rest_route=%2Fwp%2Fv2%2Fcategories&post=1977"},{"taxonomy":"post_tag","embeddable":true,"href":"https:\/\/swissmig.unine.ch\/index.php?rest_route=%2Fwp%2Fv2%2Ftags&post=1977"}],"curies":[{"name":"wp","href":"https:\/\/api.w.org\/{rel}","templated":true}]}}