{"id":1947,"date":"2018-02-15T11:17:47","date_gmt":"2018-02-15T10:17:47","guid":{"rendered":"https:\/\/swissmig.wordpress.com\/?p=1947"},"modified":"2018-02-15T11:17:47","modified_gmt":"2018-02-15T10:17:47","slug":"les-experiences-de-retour-des-sans-papier-rentres-en-equateur-ressources-et-defis-mesures-proposes-pour-un-retour-viable","status":"publish","type":"post","link":"https:\/\/swissmig.unine.ch\/?p=1947","title":{"rendered":"Les exp\u00e9riences de retour des sans-papier rentr\u00e9s en \u00c9quateur : Ressources et d\u00e9fis, mesures propos\u00e9s pour un retour viable"},"content":{"rendered":"<h3>Author(s) : Yvonne Ria\u00f1o<\/h3>\n<h3>Source : <a href=\"https:\/\/libra.unine.ch\/handle\/123456789\/8865\" target=\"_blank\" rel=\"noopener\">https:\/\/libra.unine.ch\/handle\/123456789\/8865<\/a><\/h3>\n<p><strong>Abstract: <\/strong><span id=\"more-1884\"><\/span><\/p>\n<blockquote>\n<section id=\"Abs1\" class=\"Abstract\" lang=\"en\">\n<div id=\"articleAbstract\">Notre compr\u00e9hension de la migration du retour est encore tr\u00e8s limit\u00e9e. Ce sujet n\u2019a que peu retenu l\u2019attention des sp\u00e9cialistes de la migration et il existe peu d\u2019\u00e9tudes qui donnent une vision diff\u00e9renci\u00e9e sur les divers types de \u00ab retourn\u00e9-e-s \u00bb, leurs motivations \u00e0 retourner dans leurs pays, les d\u00e9fis qu\u2019ils\/elles affrontent et les ressources dont ils\/elles disposent pour parvenir \u00e0 se r\u00e9ins\u00e9rer dans les pays d\u2019origine. Il existe en particulier un manque important d\u2019\u00e9tudes qui examinent en d\u00e9tail la situation sp\u00e9cifique du retour des migrant-e-s sans-papiers et l\u2019impact de l\u2019aide de programmes gouvernementaux pour leur r\u00e9insertion socio-\u00e9conomique. Cette lacune est particuli\u00e8rement marqu\u00e9e dans le cas de la Suisse. Confront\u00e9 \u00e0 la situation d\u2019absence d\u2019\u00e9valuations des programmes d\u2019appui au retour des sans-papiers, et dans le but d\u2019y apporter des am\u00e9liorations possibles \u00e0 son propre programme, le Service de la Population du canton de Vaud a charg\u00e9 Yvonne Ria\u00f1o de mener une recherche sur la situation de retour des sans-papiers retourn\u00e9s en \u00c9quateur entre 2008-2010 avec l\u2019appui du programme. La recherche pr\u00e9sent\u00e9e ici se base sur un travail de terrain r\u00e9alis\u00e9 en \u00c9quateur en 2010. Nous avons rencontr\u00e9 25 familles (70% du total des familles rentr\u00e9es avec l\u2019aide du Canton de Vaud) habitant dans diverses r\u00e9gions du pays et avons recueilli leurs exp\u00e9riences de retour. La m\u00e9thodologie choisie pour la r\u00e9colte des donn\u00e9es est qualitative et combine entretiens narratifs et semi-directifs. La recherche examine les raisons d&#8217;\u00e9migration et du retour des personnes interview\u00e9es ainsi que la situation actuelle de leurs projets de r\u00e9insertion, leurs ressources disponibles et le d\u00e9fis auxquels elles font face pour la r\u00e9alisation de leurs projets. Six principes cl\u00e9s sont propos\u00e9s pour repenser l\u2019aide au retour de fa\u00e7on \u00e0 pouvoir garantir un retour viable.<\/div>\n<\/section>\n<\/blockquote>\n<div><\/div>\n","protected":false},"excerpt":{"rendered":"<p>Author(s) : Yvonne Ria\u00f1o Source : https:\/\/libra.unine.ch\/handle\/123456789\/8865 Abstract: Notre compr\u00e9hension&#8230;<\/p>\n","protected":false},"author":4,"featured_media":0,"comment_status":"open","ping_status":"open","sticky":false,"template":"","format":"standard","meta":{"_kadence_starter_templates_imported_post":false,"_kad_post_transparent":"","_kad_post_title":"","_kad_post_layout":"","_kad_post_sidebar_id":"","_kad_post_content_style":"","_kad_post_vertical_padding":"","_kad_post_feature":"","_kad_post_feature_position":"","_kad_post_header":false,"_kad_post_footer":false,"_kad_post_classname":"","jetpack_post_was_ever_published":false,"_jetpack_newsletter_access":"","_jetpack_dont_email_post_to_subs":false,"_jetpack_newsletter_tier_id":0,"_jetpack_memberships_contains_paywalled_content":false,"_jetpack_memberships_contains_paid_content":false,"footnotes":""},"categories":[24],"tags":[75,92,517,518,21,52,87,154,138,373,46,91,279,262,370,309],"class_list":["post-1947","post","type-post","status-publish","format-standard","hentry","category-society-family-racism","tag-75","tag-country-of-origin","tag-ecuador","tag-evaluation","tag-family","tag-french-language","tag-history","tag-interviews","tag-migration-motives","tag-qualitative-research","tag-return-migration","tag-social-integration","tag-socioeconomic-factors","tag-undocumented-immigrants","tag-vaud","tag-working-paper"],"jetpack_featured_media_url":"","jetpack_sharing_enabled":true,"_links":{"self":[{"href":"https:\/\/swissmig.unine.ch\/index.php?rest_route=\/wp\/v2\/posts\/1947","targetHints":{"allow":["GET"]}}],"collection":[{"href":"https:\/\/swissmig.unine.ch\/index.php?rest_route=\/wp\/v2\/posts"}],"about":[{"href":"https:\/\/swissmig.unine.ch\/index.php?rest_route=\/wp\/v2\/types\/post"}],"author":[{"embeddable":true,"href":"https:\/\/swissmig.unine.ch\/index.php?rest_route=\/wp\/v2\/users\/4"}],"replies":[{"embeddable":true,"href":"https:\/\/swissmig.unine.ch\/index.php?rest_route=%2Fwp%2Fv2%2Fcomments&post=1947"}],"version-history":[{"count":0,"href":"https:\/\/swissmig.unine.ch\/index.php?rest_route=\/wp\/v2\/posts\/1947\/revisions"}],"wp:attachment":[{"href":"https:\/\/swissmig.unine.ch\/index.php?rest_route=%2Fwp%2Fv2%2Fmedia&parent=1947"}],"wp:term":[{"taxonomy":"category","embeddable":true,"href":"https:\/\/swissmig.unine.ch\/index.php?rest_route=%2Fwp%2Fv2%2Fcategories&post=1947"},{"taxonomy":"post_tag","embeddable":true,"href":"https:\/\/swissmig.unine.ch\/index.php?rest_route=%2Fwp%2Fv2%2Ftags&post=1947"}],"curies":[{"name":"wp","href":"https:\/\/api.w.org\/{rel}","templated":true}]}}