{"id":19329,"date":"2020-10-12T08:00:00","date_gmt":"2020-10-12T07:00:00","guid":{"rendered":"https:\/\/swissmig.wordpress.com\/?p=19329"},"modified":"2020-10-12T08:00:00","modified_gmt":"2020-10-12T07:00:00","slug":"convegno-del-3-maggio-2018-sul-razzismo-contro-i-neri-in-svizzera-rapporto-commissionato-dal-servizio-per-la-lotta-al-razzismo-slr","status":"publish","type":"post","link":"https:\/\/swissmig.unine.ch\/?p=19329","title":{"rendered":"Convegno del 3 maggio 2018 sul razzismo contro i neri in Svizzera. Rapporto commissionato dal Servizio per la lotta al razzismo (SLR)"},"content":{"rendered":"<h3>Author(s) : Denise Efionayi-M\u00e4der, Didier Ruedin<\/h3>\n<h3>Source : <a href=\"https:\/\/libra.unine.ch\/handle\/123456789\/3200\" target=\"_blank\" rel=\"noopener\">https:\/\/libra.unine.ch\/handle\/123456789\/3200<\/a><\/h3>\n<p><strong>Abstract: <\/strong><!--more--><\/p>\n<blockquote>\n<div class=\"hlFld-Abstract\">\n<div class=\"abstractSection abstractInFull\">&#8220;In Svizzera, gli organi d\u2019informazione e l\u2019opinione pubblica si interessano solo sporadicamente al fenomeno del razzismo contro i neri, ad esempio quando emergono casi di profilazione razziale. Fino a pochi anni fa, anche la scienza si occupava del tema soprattutto in relazione alla xenofobia e alla discriminazione razziale in generale. Mentre in altri Paesi, come gli USA, il Regno Unito o i Paesi Bassi, numerosi studi e indagini sono dedicati al razzismo nei confronti di persone che si definiscono nere o che sono percepite come tali, in Svizzera mancano per lo pi\u00f9 queste basi. Si pu\u00f2 discutere sulle cause di questa situazione, ma dalle pi\u00f9 recenti indagini appare evidente che sarebbe errato credere che la societ\u00e0 svizzera non sia toccata dal fenomeno. \u00c8 vero piuttosto il contrario come dimostrano le varie opere e iniziative di ricercatori e attivisti afrodiscendenti che rivendicano un\u2019analisi pi\u00f9 approfondita degli aspetti individuali, istituzionali e strutturali del razzismo contro i neri.&#8221;<\/div>\n<div><\/div>\n<div><strong>Keywords:\u00a0<\/strong>racism, xenophobia, SFM Studies, ethnic discrimination, living conditions, street-level bureaucracy, country of origin, access to employment<\/div>\n<\/div>\n<\/blockquote>\n","protected":false},"excerpt":{"rendered":"<p>Author(s) : Denise Efionayi-M\u00e4der, Didier Ruedin Source : https:\/\/libra.unine.ch\/handle\/123456789\/3200 Abstract:<\/p>\n","protected":false},"author":4,"featured_media":0,"comment_status":"open","ping_status":"open","sticky":false,"template":"","format":"standard","meta":{"_kadence_starter_templates_imported_post":false,"_kad_post_transparent":"","_kad_post_title":"","_kad_post_layout":"","_kad_post_sidebar_id":"","_kad_post_content_style":"","_kad_post_vertical_padding":"","_kad_post_feature":"","_kad_post_feature_position":"","_kad_post_header":false,"_kad_post_footer":false,"_kad_post_classname":"","jetpack_post_was_ever_published":false,"_jetpack_newsletter_access":"","_jetpack_dont_email_post_to_subs":false,"_jetpack_newsletter_tier_id":0,"_jetpack_memberships_contains_paywalled_content":false,"_jetpack_memberships_contains_paid_content":false,"footnotes":""},"categories":[24],"tags":[285,362,92,120,146,82,461,104,334,249,645,621,97],"class_list":["post-19329","post","type-post","status-publish","format-standard","hentry","category-society-family-racism","tag-285","tag-access-to-employment","tag-country-of-origin","tag-data-analysis","tag-discrimination","tag-ethnic-discrimination","tag-italian-language","tag-living-conditions","tag-racism","tag-report","tag-sfm-studies","tag-street-level-bureaucracy","tag-xenophobia"],"jetpack_featured_media_url":"","jetpack_sharing_enabled":true,"_links":{"self":[{"href":"https:\/\/swissmig.unine.ch\/index.php?rest_route=\/wp\/v2\/posts\/19329","targetHints":{"allow":["GET"]}}],"collection":[{"href":"https:\/\/swissmig.unine.ch\/index.php?rest_route=\/wp\/v2\/posts"}],"about":[{"href":"https:\/\/swissmig.unine.ch\/index.php?rest_route=\/wp\/v2\/types\/post"}],"author":[{"embeddable":true,"href":"https:\/\/swissmig.unine.ch\/index.php?rest_route=\/wp\/v2\/users\/4"}],"replies":[{"embeddable":true,"href":"https:\/\/swissmig.unine.ch\/index.php?rest_route=%2Fwp%2Fv2%2Fcomments&post=19329"}],"version-history":[{"count":0,"href":"https:\/\/swissmig.unine.ch\/index.php?rest_route=\/wp\/v2\/posts\/19329\/revisions"}],"wp:attachment":[{"href":"https:\/\/swissmig.unine.ch\/index.php?rest_route=%2Fwp%2Fv2%2Fmedia&parent=19329"}],"wp:term":[{"taxonomy":"category","embeddable":true,"href":"https:\/\/swissmig.unine.ch\/index.php?rest_route=%2Fwp%2Fv2%2Fcategories&post=19329"},{"taxonomy":"post_tag","embeddable":true,"href":"https:\/\/swissmig.unine.ch\/index.php?rest_route=%2Fwp%2Fv2%2Ftags&post=19329"}],"curies":[{"name":"wp","href":"https:\/\/api.w.org\/{rel}","templated":true}]}}