{"id":19327,"date":"2020-10-12T08:00:00","date_gmt":"2020-10-12T07:00:00","guid":{"rendered":"https:\/\/swissmig.wordpress.com\/?p=19327"},"modified":"2020-10-12T08:00:00","modified_gmt":"2020-10-12T07:00:00","slug":"arbeitstagung-zu-anti-schwarzen-rassismus-in-der-schweiz-vom-3-mai-2018-tagungsbericht-im-auftrag-der-fachstelle-fur-rassismusbekampfung-frb","status":"publish","type":"post","link":"https:\/\/swissmig.unine.ch\/?p=19327","title":{"rendered":"Arbeitstagung zu Anti-Schwarzen Rassismus in der Schweiz vom 3. Mai 2018. Tagungsbericht im Auftrag der Fachstelle f\u00fcr Rassismusbek\u00e4mpfung (FRB)"},"content":{"rendered":"<h3>Author(s) : Denise Efionayi-M\u00e4der, Didier Ruedin<\/h3>\n<h3>Source : <a href=\"https:\/\/libra.unine.ch\/handle\/123456789\/3202\" target=\"_blank\" rel=\"noopener\">https:\/\/libra.unine.ch\/handle\/123456789\/3202<\/a><\/h3>\n<p><strong>Abstract: <\/strong><!--more--><\/p>\n<blockquote>\n<div class=\"hlFld-Abstract\">\n<div class=\"abstractSection abstractInFull\">&#8220;Rassismus gegenu\u0308ber Schwarzen wird von Medien und breiteren Kreisen der \u00d6ffentlichkeit in der Schweiz nur sporadisch aufgegriffen, etwa wenn es um Vorf\u00e4lle von Racial Profiling geht. Bis vor wenigen Jahren befasste sich auch die Wissenschaft vor allem im Rahmen allgemeiner Fremdenfeindlichkeit und rassistischer Diskriminierung mit dem Thema. W\u00e4hrend sich in anderen L\u00e4ndern wie den USA, dem Vereinigten K\u00f6nigreich oder den Niederlanden zahlreiche Erhebungen und Studien mit Rassismus gegenu\u0308ber Personen auseinandersetzen, die als Schwarze wahrgenommen werden oder sich selbst als schwarz bezeichnen, fehlen hierzulande entsprechende Grundlagen weitgehend. \u00dcber die Ursachen kann man diskutieren, aber wie neueste Erhebungen klarmachen, w\u00e4re es falsch, anzunehmen, dass die Schweizer Gesellschaft von diesem Ph\u00e4nomen nicht betroffen ist. Dass das Gegenteil zutrifft, zeigen Arbeiten und Initiativen von afrodeszendenten Forschenden und Aktivisten\/-<br \/>\ninnen, die sich fu\u0308r die n\u00e4here Erforschung individueller, institutioneller und struktureller Aspekte von \u00abAnti-Schwarzen Rassismus\u00bb (ASR) einsetzen.&#8221;<\/div>\n<div><\/div>\n<\/div>\n<div><strong>Keywords<\/strong>: racism, country of origin, living conditions, SFM Studies, discrimination, street-level bureaucracy, access to employment<\/div>\n<\/blockquote>\n","protected":false},"excerpt":{"rendered":"<p>Author(s) : Denise Efionayi-M\u00e4der, Didier Ruedin Source : https:\/\/libra.unine.ch\/handle\/123456789\/3202 Abstract:<\/p>\n","protected":false},"author":4,"featured_media":0,"comment_status":"open","ping_status":"open","sticky":false,"template":"","format":"standard","meta":{"_kadence_starter_templates_imported_post":false,"_kad_post_transparent":"","_kad_post_title":"","_kad_post_layout":"","_kad_post_sidebar_id":"","_kad_post_content_style":"","_kad_post_vertical_padding":"","_kad_post_feature":"","_kad_post_feature_position":"","_kad_post_header":false,"_kad_post_footer":false,"_kad_post_classname":"","jetpack_post_was_ever_published":false,"_jetpack_newsletter_access":"","_jetpack_dont_email_post_to_subs":false,"_jetpack_newsletter_tier_id":0,"_jetpack_memberships_contains_paywalled_content":false,"_jetpack_memberships_contains_paid_content":false,"footnotes":""},"categories":[24],"tags":[285,362,92,120,146,82,73,104,334,249,645,621,97],"class_list":["post-19327","post","type-post","status-publish","format-standard","hentry","category-society-family-racism","tag-285","tag-access-to-employment","tag-country-of-origin","tag-data-analysis","tag-discrimination","tag-ethnic-discrimination","tag-german-language","tag-living-conditions","tag-racism","tag-report","tag-sfm-studies","tag-street-level-bureaucracy","tag-xenophobia"],"jetpack_featured_media_url":"","jetpack_sharing_enabled":true,"_links":{"self":[{"href":"https:\/\/swissmig.unine.ch\/index.php?rest_route=\/wp\/v2\/posts\/19327","targetHints":{"allow":["GET"]}}],"collection":[{"href":"https:\/\/swissmig.unine.ch\/index.php?rest_route=\/wp\/v2\/posts"}],"about":[{"href":"https:\/\/swissmig.unine.ch\/index.php?rest_route=\/wp\/v2\/types\/post"}],"author":[{"embeddable":true,"href":"https:\/\/swissmig.unine.ch\/index.php?rest_route=\/wp\/v2\/users\/4"}],"replies":[{"embeddable":true,"href":"https:\/\/swissmig.unine.ch\/index.php?rest_route=%2Fwp%2Fv2%2Fcomments&post=19327"}],"version-history":[{"count":0,"href":"https:\/\/swissmig.unine.ch\/index.php?rest_route=\/wp\/v2\/posts\/19327\/revisions"}],"wp:attachment":[{"href":"https:\/\/swissmig.unine.ch\/index.php?rest_route=%2Fwp%2Fv2%2Fmedia&parent=19327"}],"wp:term":[{"taxonomy":"category","embeddable":true,"href":"https:\/\/swissmig.unine.ch\/index.php?rest_route=%2Fwp%2Fv2%2Fcategories&post=19327"},{"taxonomy":"post_tag","embeddable":true,"href":"https:\/\/swissmig.unine.ch\/index.php?rest_route=%2Fwp%2Fv2%2Ftags&post=19327"}],"curies":[{"name":"wp","href":"https:\/\/api.w.org\/{rel}","templated":true}]}}