{"id":19320,"date":"2020-10-12T08:00:00","date_gmt":"2020-10-12T07:00:00","guid":{"rendered":"https:\/\/swissmig.wordpress.com\/?p=19320"},"modified":"2020-10-12T08:00:00","modified_gmt":"2020-10-12T07:00:00","slug":"colloque-sur-le-racisme-anti-noirs-en-suisse-3-mai-2018","status":"publish","type":"post","link":"https:\/\/swissmig.unine.ch\/?p=19320","title":{"rendered":"Colloque sur le racisme anti-Noirs en Suisse : 3 mai 2018. Rapport command\u00e9 par le Service de lutte contre le racisme (SLR)"},"content":{"rendered":"<h3>Author(s) : Denise Efionayi-M\u00e4der, Didier Ruedin<\/h3>\n<h3>Source : <a href=\"https:\/\/libra.unine.ch\/handle\/123456789\/3204\" target=\"_blank\" rel=\"noopener\">https:\/\/libra.unine.ch\/handle\/123456789\/3204<\/a><\/h3>\n<p><strong>Abstract: <\/strong><!--more--><\/p>\n<blockquote>\n<div class=\"hlFld-Abstract\">\n<div class=\"abstractSection abstractInFull\">&#8220;Le racisme \u00e0 l\u2019\u00e9gard des personnes noires n\u2019est th\u00e9matis\u00e9 que sporadiquement par les m\u00e9dias et le grand public, par exemple lorsqu\u2019il est question de profilage racial. De m\u00eame, il y a quelques ann\u00e9es encore, les milieux scientifiques ne se penchaient sur ce sujet que dans le cadre de travaux g\u00e9n\u00e9raux portant sur la x\u00e9nophobie et la discrimination raciale. Par cons\u00e9quent, la Suisse ne dispose que de peu de donn\u00e9es de r\u00e9f\u00e9rence dans ce domaine, alors que dans d\u2019autres pays comme les \u00c9tats-Unis, le<br \/>\nRoyaume-Uni ou les Pays-Bas, on compte de nombreuses enqu\u00eates et \u00e9tudes consacr\u00e9es aux personnes qui se consid\u00e8rent comme noires ou sont per\u00e7ues comme telles. On peut \u00e9piloguer sur les raisons de cette situation, mais une chose est s\u00fbre : la Suisse n\u2019est pas, comme le montrent les derni\u00e8res enqu\u00eates, \u00e9pargn\u00e9e par la probl\u00e9matique du racisme anti-Noirs, bien au contraire. Tel est le r\u00e9sultat de diff\u00e9rents travaux et initiatives de chercheurs et de militants d\u2019ascendance africaine qui<br \/>\ns\u2019engagent pour qu\u2019on \u00e9tudie de mani\u00e8re plus approfondie les aspects individuels, institutionnels et structurels du racisme anti-Noirs.&#8221;<\/div>\n<div><\/div>\n<\/div>\n<div><strong>Keywords:\u00a0<\/strong>racism, xenophobia, SFM Studies, ethnic discrimination, living conditions, street-level bureaucracy, country of origin, access to employment<\/div>\n<\/blockquote>\n","protected":false},"excerpt":{"rendered":"<p>Author(s) : Denise Efionayi-M\u00e4der, Didier Ruedin Source : https:\/\/libra.unine.ch\/handle\/123456789\/3204 Abstract:<\/p>\n","protected":false},"author":4,"featured_media":0,"comment_status":"open","ping_status":"open","sticky":false,"template":"","format":"standard","meta":{"_kadence_starter_templates_imported_post":false,"_kad_post_transparent":"","_kad_post_title":"","_kad_post_layout":"","_kad_post_sidebar_id":"","_kad_post_content_style":"","_kad_post_vertical_padding":"","_kad_post_feature":"","_kad_post_feature_position":"","_kad_post_header":false,"_kad_post_footer":false,"_kad_post_classname":"","jetpack_post_was_ever_published":false,"_jetpack_newsletter_access":"","_jetpack_dont_email_post_to_subs":false,"_jetpack_newsletter_tier_id":0,"_jetpack_memberships_contains_paywalled_content":false,"_jetpack_memberships_contains_paid_content":false,"footnotes":""},"categories":[24],"tags":[285,362,92,120,146,82,52,104,334,249,645,621,97],"class_list":["post-19320","post","type-post","status-publish","format-standard","hentry","category-society-family-racism","tag-285","tag-access-to-employment","tag-country-of-origin","tag-data-analysis","tag-discrimination","tag-ethnic-discrimination","tag-french-language","tag-living-conditions","tag-racism","tag-report","tag-sfm-studies","tag-street-level-bureaucracy","tag-xenophobia"],"jetpack_featured_media_url":"","jetpack_sharing_enabled":true,"_links":{"self":[{"href":"https:\/\/swissmig.unine.ch\/index.php?rest_route=\/wp\/v2\/posts\/19320","targetHints":{"allow":["GET"]}}],"collection":[{"href":"https:\/\/swissmig.unine.ch\/index.php?rest_route=\/wp\/v2\/posts"}],"about":[{"href":"https:\/\/swissmig.unine.ch\/index.php?rest_route=\/wp\/v2\/types\/post"}],"author":[{"embeddable":true,"href":"https:\/\/swissmig.unine.ch\/index.php?rest_route=\/wp\/v2\/users\/4"}],"replies":[{"embeddable":true,"href":"https:\/\/swissmig.unine.ch\/index.php?rest_route=%2Fwp%2Fv2%2Fcomments&post=19320"}],"version-history":[{"count":0,"href":"https:\/\/swissmig.unine.ch\/index.php?rest_route=\/wp\/v2\/posts\/19320\/revisions"}],"wp:attachment":[{"href":"https:\/\/swissmig.unine.ch\/index.php?rest_route=%2Fwp%2Fv2%2Fmedia&parent=19320"}],"wp:term":[{"taxonomy":"category","embeddable":true,"href":"https:\/\/swissmig.unine.ch\/index.php?rest_route=%2Fwp%2Fv2%2Fcategories&post=19320"},{"taxonomy":"post_tag","embeddable":true,"href":"https:\/\/swissmig.unine.ch\/index.php?rest_route=%2Fwp%2Fv2%2Ftags&post=19320"}],"curies":[{"name":"wp","href":"https:\/\/api.w.org\/{rel}","templated":true}]}}