{"id":1925,"date":"2018-02-13T12:51:05","date_gmt":"2018-02-13T11:51:05","guid":{"rendered":"https:\/\/swissmig.wordpress.com\/?p=1925"},"modified":"2018-02-13T12:51:05","modified_gmt":"2018-02-13T11:51:05","slug":"les-migrations-de-retour-dans-lespace-prealpin-et-alpin-suisse","status":"publish","type":"post","link":"https:\/\/swissmig.unine.ch\/?p=1925","title":{"rendered":"Les migrations de retour dans l\u2019espace pr\u00e9alpin et alpin suisse"},"content":{"rendered":"<h3>Author(s) : Anne-Lise Head-K\u00f6nig<\/h3>\n<h3>Source : <a href=\"http:\/\/www2.arc.usi.ch\/2009_4_labi_rivista.pdf\" target=\"_blank\" rel=\"noopener\">http:\/\/www2.arc.usi.ch\/2009_4_labi_rivista.pdf<\/a><\/h3>\n<p><strong>Abstract: <\/strong><span id=\"more-1884\"><\/span><\/p>\n<blockquote>\n<section id=\"Abs1\" class=\"Abstract\" lang=\"en\">\n<div id=\"articleAbstract\">\n<section id=\"Abs1\" class=\"Abstract\" lang=\"en\">\n<div>R\u00fcckwanderung muss, als Begriff, f\u00fcr den schweizerischen Raum notwendigerweise pr\u00e4ziser definiert werden. Der b\u00fcrgerliche Gesetzeskorpus vereitelte bis in die Mitte des 19.Jahrhunderts zahlreiche R\u00fcckwanderungen, aber die gleichen Gesetze erlaubten sp\u00e4ter, ab dem Ersten Weltkrieg, vielen Menschen die \u00abR\u00fcckkehr ins Vaterland\u00bb, die dort allerdings weder geboren wurden noch dort gelebt hatten. Die verschiedenen Formen der Migration hatten einen starken Einfluss darauf, ob eine R\u00fcckwanderung m\u00f6glich war oder nicht; zudem unterschied sich die st\u00e4dtische Emigration stark von den verschiedenartigen Auspr\u00e4gungen der ruralen Wanderungsbewegungen. R\u00fcckwanderungen waren aber auch ein Abbild der fr\u00fcheren Umst\u00e4nde und Bedingungen bei der Auswanderung. Migrierte man freiwillig oder unter Zwang? Ebenfalls kam es zu erzwungenen R\u00fcckwanderungen. Festzuhalten ist, dass der Erste Weltkrieg eine bedeutende Z\u00e4sur darstellte, und zwar nicht nur aus der Sicht der R\u00fcckwanderer, sondern auch in begrifflicher Hinsicht.<\/div>\n<div><\/div>\n<\/section>\n<div>\n<div>Les migrations temporaires de tous genres, l\u2019\u00e9migration d\u00e9finitive des Suisses en Europe et outre-mer ont fait l\u2019objet d\u2019innombrables publications. Rien de tel ne se constate pour les migrations de retour, tout au moins jusqu\u2019au sortir de la Premi\u00e8re Guerre mondiale et dans l\u2019entre-deux-guerres, et la question a alors une tr\u00e8s forte connotation politique avec les retours forc\u00e9s. M\u00eame l\u2019ouvrage classique de W. Bickel ne leur consacre que quelques lignes tr\u00e8s sommaires. La perception diff\u00e9rente de ces deux ph\u00e9nom\u00e8nes \u2212 \u00e9migration et migration de retour \u2212 pourtant \u00e9troitement corr\u00e9l\u00e9s r\u00e9sulte de plusieurs facteurs. En Suisse, la migration de retour n\u2019est pas un ph\u00e9nom\u00e8ne de masse, au contraire de l\u2019\u00e9migration.<\/div>\n<\/div>\n<\/div>\n<\/section>\n<\/blockquote>\n<div><\/div>\n<p>&nbsp;<\/p>\n<p>&nbsp;<\/p>\n","protected":false},"excerpt":{"rendered":"<p>Author(s) : Anne-Lise Head-K\u00f6nig Source : http:\/\/www2.arc.usi.ch\/2009_4_labi_rivista.pdf Abstract: R\u00fcckwanderung muss,&#8230;<\/p>\n","protected":false},"author":4,"featured_media":0,"comment_status":"open","ping_status":"open","sticky":false,"template":"","format":"standard","meta":{"_kadence_starter_templates_imported_post":false,"_kad_post_transparent":"","_kad_post_title":"","_kad_post_layout":"","_kad_post_sidebar_id":"","_kad_post_content_style":"","_kad_post_vertical_padding":"","_kad_post_feature":"","_kad_post_feature_position":"","_kad_post_header":false,"_kad_post_footer":false,"_kad_post_classname":"","jetpack_post_was_ever_published":false,"_jetpack_newsletter_access":"","_jetpack_dont_email_post_to_subs":false,"_jetpack_newsletter_tier_id":0,"_jetpack_memberships_contains_paywalled_content":false,"_jetpack_memberships_contains_paid_content":false,"footnotes":""},"categories":[43],"tags":[414,7,137,52,87,138,36,458,46],"class_list":["post-1925","post","type-post","status-publish","format-standard","hentry","category-the-migration-phenomenon","tag-414","tag-article","tag-emigration","tag-french-language","tag-history","tag-migration-motives","tag-migration-policy","tag-migration-routes","tag-return-migration"],"jetpack_featured_media_url":"","jetpack_sharing_enabled":true,"_links":{"self":[{"href":"https:\/\/swissmig.unine.ch\/index.php?rest_route=\/wp\/v2\/posts\/1925","targetHints":{"allow":["GET"]}}],"collection":[{"href":"https:\/\/swissmig.unine.ch\/index.php?rest_route=\/wp\/v2\/posts"}],"about":[{"href":"https:\/\/swissmig.unine.ch\/index.php?rest_route=\/wp\/v2\/types\/post"}],"author":[{"embeddable":true,"href":"https:\/\/swissmig.unine.ch\/index.php?rest_route=\/wp\/v2\/users\/4"}],"replies":[{"embeddable":true,"href":"https:\/\/swissmig.unine.ch\/index.php?rest_route=%2Fwp%2Fv2%2Fcomments&post=1925"}],"version-history":[{"count":0,"href":"https:\/\/swissmig.unine.ch\/index.php?rest_route=\/wp\/v2\/posts\/1925\/revisions"}],"wp:attachment":[{"href":"https:\/\/swissmig.unine.ch\/index.php?rest_route=%2Fwp%2Fv2%2Fmedia&parent=1925"}],"wp:term":[{"taxonomy":"category","embeddable":true,"href":"https:\/\/swissmig.unine.ch\/index.php?rest_route=%2Fwp%2Fv2%2Fcategories&post=1925"},{"taxonomy":"post_tag","embeddable":true,"href":"https:\/\/swissmig.unine.ch\/index.php?rest_route=%2Fwp%2Fv2%2Ftags&post=1925"}],"curies":[{"name":"wp","href":"https:\/\/api.w.org\/{rel}","templated":true}]}}