{"id":1898,"date":"2018-01-31T12:48:25","date_gmt":"2018-01-31T11:48:25","guid":{"rendered":"https:\/\/swissmig.wordpress.com\/?p=1898"},"modified":"2018-01-31T12:48:25","modified_gmt":"2018-01-31T11:48:25","slug":"the-outcry-of-the-periphery-an-analysis-of-ticinos-no-to-immigration","status":"publish","type":"post","link":"https:\/\/swissmig.unine.ch\/?p=1898","title":{"rendered":"The Outcry of the Periphery? An Analysis of Ticino&#8217;s No to Immigration"},"content":{"rendered":"<h3>Author(s) : Oscar Mazzoleni, Andrea Pilotti<\/h3>\n<h3>Source : <a href=\"http:\/\/onlinelibrary.wiley.com\/doi\/10.1111\/spsr.12147\/abstract\" target=\"_blank\" rel=\"noopener\">http:\/\/onlinelibrary.wiley.com\/doi\/10.1111\/spsr.12147\/abstract<\/a><\/h3>\n<p><strong>Abstract: <\/strong><span id=\"more-1884\"><\/span><\/p>\n<blockquote>\n<div class=\"wrapper_keywords\">Lors du vote du 9 f\u00e9vrier 2014 sur l&#8217;initiative populaire \u201ccontre l&#8217;immigration de masse\u201d, le Tessin a \u00e9t\u00e9 de loin le canton suisse dans lequel l&#8217;initiative a obtenu le plus large soutien. Le canton italophone confirme ainsi une fois de plus sa singularit\u00e9 dans les scrutins f\u00e9d\u00e9raux sur les th\u00e8mes de la politique d&#8217;immigration et de la politique \u00e9trang\u00e8re affich\u00e9e depuis le d\u00e9but des ann\u00e9es 1990. Le tournant de la majorit\u00e9 des votants tessinois semble tributaire d&#8217;un ensemble de crises et de changements \u00e0 la fois \u00e9conomiques et politiques qui ont favoris\u00e9 l\u2019\u00e9mergence d&#8217;une opposition politique bas\u00e9e sur la dimension centre-p\u00e9riph\u00e9rie. Les r\u00e9sultats d&#8217;une enqu\u00eate d&#8217;opinion r\u00e9alis\u00e9e aupr\u00e8s de 1400 Tessinois apr\u00e8s le scrutin di 9 f\u00e9vrier le confirment. En effet, en plus de la question migratoire, l&#8217;orientation du vote a \u00e9t\u00e9 influenc\u00e9e par une perception contrast\u00e9e du Tessin, o\u00f9 domine la crainte de la \u201cdouble p\u00e9riph\u00e9rie\u201d \u00e0 la fois par rapport \u00e0 Berne et \u00e0 la Lombardie.<\/div>\n<div><\/div>\n<div>In occasione del voto del 9 febbraio 2014 sull&#8217;iniziativa popolare \u201ccontro l&#8217;immigrazione di massa\u201d, il Ticino \u00e8 stato il cantone svizzero a esprimere il pi\u00f9 ampio sostegno all&#8217;iniziativa. Il Ticino conferma una volta ancora la propria singolarit\u00e0 nelle votazioni federali inerenti ai temi della politica migratoria e della politica estera che si esprime dai primi anni Novanta. La svolta della maggioranza dei votanti ticinesi \u00e8 riconducibile a un insieme di crisi e trasformazioni economiche e politiche che hanno favorito l&#8217;emergere di un&#8217;opposizione politica fondata sulla dimensione centro-periferia. I risultati di un&#8217;inchiesta d&#8217;opinione realizzata presso 1400 ticinesi dopo lo scrutinio del 9 febbraio lo confermano. Infatti, oltre la questione migratoria, il voto appare influenzato da una diversa percezione del Ticino, dove prevale il timore della \u201cdoppia periferia\u201d sia rispetto a Berna sia nei confronti della vicina Lombardia.<\/div>\n<div><\/div>\n<\/blockquote>\n<div><\/div>\n<p>&nbsp;<\/p>\n<p>&nbsp;<\/p>\n","protected":false},"excerpt":{"rendered":"<p>Author(s) : Oscar Mazzoleni, Andrea Pilotti Source : http:\/\/onlinelibrary.wiley.com\/doi\/10.1111\/spsr.12147\/abstract Abstract:&#8230;<\/p>\n","protected":false},"author":4,"featured_media":0,"comment_status":"open","ping_status":"open","sticky":false,"template":"","format":"standard","meta":{"_kadence_starter_templates_imported_post":false,"_kad_post_transparent":"","_kad_post_title":"","_kad_post_layout":"","_kad_post_sidebar_id":"","_kad_post_content_style":"","_kad_post_vertical_padding":"","_kad_post_feature":"","_kad_post_feature_position":"","_kad_post_header":false,"_kad_post_footer":false,"_kad_post_classname":"","jetpack_post_was_ever_published":false,"_jetpack_newsletter_access":"","_jetpack_dont_email_post_to_subs":false,"_jetpack_newsletter_tier_id":0,"_jetpack_memberships_contains_paywalled_content":false,"_jetpack_memberships_contains_paid_content":false,"footnotes":""},"categories":[12],"tags":[141,7,9,107,17,98,129,217,95,320,96],"class_list":["post-1898","post","type-post","status-publish","format-standard","hentry","category-politics","tag-141","tag-article","tag-english-language","tag-freedom-of-movement","tag-immigrants","tag-immigration-policy","tag-law","tag-migration-agreements","tag-populism","tag-ticino","tag-voting-behaviour"],"jetpack_featured_media_url":"","jetpack_sharing_enabled":true,"_links":{"self":[{"href":"https:\/\/swissmig.unine.ch\/index.php?rest_route=\/wp\/v2\/posts\/1898","targetHints":{"allow":["GET"]}}],"collection":[{"href":"https:\/\/swissmig.unine.ch\/index.php?rest_route=\/wp\/v2\/posts"}],"about":[{"href":"https:\/\/swissmig.unine.ch\/index.php?rest_route=\/wp\/v2\/types\/post"}],"author":[{"embeddable":true,"href":"https:\/\/swissmig.unine.ch\/index.php?rest_route=\/wp\/v2\/users\/4"}],"replies":[{"embeddable":true,"href":"https:\/\/swissmig.unine.ch\/index.php?rest_route=%2Fwp%2Fv2%2Fcomments&post=1898"}],"version-history":[{"count":0,"href":"https:\/\/swissmig.unine.ch\/index.php?rest_route=\/wp\/v2\/posts\/1898\/revisions"}],"wp:attachment":[{"href":"https:\/\/swissmig.unine.ch\/index.php?rest_route=%2Fwp%2Fv2%2Fmedia&parent=1898"}],"wp:term":[{"taxonomy":"category","embeddable":true,"href":"https:\/\/swissmig.unine.ch\/index.php?rest_route=%2Fwp%2Fv2%2Fcategories&post=1898"},{"taxonomy":"post_tag","embeddable":true,"href":"https:\/\/swissmig.unine.ch\/index.php?rest_route=%2Fwp%2Fv2%2Ftags&post=1898"}],"curies":[{"name":"wp","href":"https:\/\/api.w.org\/{rel}","templated":true}]}}