{"id":18976,"date":"2020-09-28T08:00:00","date_gmt":"2020-09-28T07:00:00","guid":{"rendered":"https:\/\/swissmig.wordpress.com\/?p=18976"},"modified":"2020-09-28T08:00:00","modified_gmt":"2020-09-28T07:00:00","slug":"flucht-im-alter-strategien-im-umgang-mit-verwehrter-anerkennung-older-refugees-strategies-in-dealing-with-denied-recognition","status":"publish","type":"post","link":"https:\/\/swissmig.unine.ch\/?p=18976","title":{"rendered":"Flucht im Alter: Strategien im Umgang mit verwehrter Anerkennung \/ Older Refugees: Strategies in Dealing With Denied Recognition"},"content":{"rendered":"<h3>Author(s) : Luzia Jurt, Vera Sperisen<\/h3>\n<h3>Source : <a href=\"https:\/\/doi.org\/10.2478\/sjs-2020-0012\" target=\"_blank\" rel=\"noopener\">https:\/\/doi.org\/10.2478\/sjs-2020-0012<\/a><\/h3>\n<p><strong>Abstract: <\/strong><!--more--><\/p>\n<blockquote>\n<div class=\"hlFld-Abstract\">\n<div class=\"abstractSection abstractInFull\">&#8220;Intersektionen zwischen Alter und Flucht standen bislang nur punktuell im Zentrum wissenschaftlichen Interessens. Qualitative Interviews mit \u00e4lteren Gefl\u00fcchteten zeigen, dass die schweizerische Integrationspolitik kaum auf Bed\u00fcrfnisse und Erwartungen dieser Personen zugeschnitten ist und sie von gesellschaftlichem Ausschluss betroffen sind. \u00c4ltere Gefl\u00fcchtete m\u00fcssen eigenst\u00e4ndige Strategien entwickeln, um dennoch gesellschaftliche Teilhabe und Anerkennung zu erfahren.&#8221;<\/div>\n<div><\/div>\n<\/div>\n<div>&#8220;Until now the topic linking age and the moment of fleeing one&#8217;s country of origin have been of scientific interest only rarely. Older refugees have hardly attracted scientific attention. Qualitative interviews with older refugees show that Swiss integration policy is barely tailored to the needs and expectations of these persons and that they are affected by social exclusion. Therefore, older refugees have to develop their own strategies in order to participate in society and gain recognition.&#8221;<\/div>\n<div><\/div>\n<div>&#8220;Jusqu&#8217;\u00e0 pr\u00e9sent, les liens entre l&#8217;\u00e2ge et le moment de la fuite du pays d&#8217;origine ont peu fait l&#8217;objet de recherches scientifiques. Des entretiens qualitatifs avec des r\u00e9fugi\u00e9s \u00e2g\u00e9s montrent que la politique suisse d&#8217;int\u00e9gration n&#8217;est pas adapt\u00e9e aux besoins et aux attentes de cette population, particuli\u00e8rement touch\u00e9e par l&#8217;exclusion sociale. Les refugi\u00e9s \u00e2g\u00e9s doivent alors \u00e9laborer leurs propres strat\u00e9gies afin de prendre part \u00e0 la soci\u00e9t\u00e9 et de b\u00e9n\u00e9ficier d&#8217;une reconnaissance.&#8221;<\/div>\n<div><\/div>\n<div><strong>Keywords<\/strong>: circumstances in life, integration politics, Older refugees, social recognition, \u00c4ltere Gefl\u00fcchtete, circumstances in life, integration politics, Integrationspolitik, Lebenslage, Schweiz<\/div>\n<\/blockquote>\n<div><\/div>\n","protected":false},"excerpt":{"rendered":"<p>Author(s) : Luzia Jurt, Vera Sperisen Source : https:\/\/doi.org\/10.2478\/sjs-2020-0012 Abstract:<\/p>\n","protected":false},"author":4,"featured_media":0,"comment_status":"open","ping_status":"open","sticky":false,"template":"","format":"standard","meta":{"_kadence_starter_templates_imported_post":false,"_kad_post_transparent":"","_kad_post_title":"","_kad_post_layout":"","_kad_post_sidebar_id":"","_kad_post_content_style":"","_kad_post_vertical_padding":"","_kad_post_feature":"","_kad_post_feature_position":"","_kad_post_header":false,"_kad_post_footer":false,"_kad_post_classname":"","jetpack_post_was_ever_published":false,"_jetpack_newsletter_access":"","_jetpack_dont_email_post_to_subs":false,"_jetpack_newsletter_tier_id":0,"_jetpack_memberships_contains_paywalled_content":false,"_jetpack_memberships_contains_paid_content":false,"footnotes":""},"categories":[24],"tags":[654,7,142,164,73,387,154,104,60,91,313],"class_list":["post-18976","post","type-post","status-publish","format-standard","hentry","category-society-family-racism","tag-654","tag-article","tag-elderly","tag-exclusion","tag-german-language","tag-integration-policy","tag-interviews","tag-living-conditions","tag-older-migrants","tag-social-integration","tag-social-policy"],"jetpack_featured_media_url":"","jetpack_sharing_enabled":true,"_links":{"self":[{"href":"https:\/\/swissmig.unine.ch\/index.php?rest_route=\/wp\/v2\/posts\/18976","targetHints":{"allow":["GET"]}}],"collection":[{"href":"https:\/\/swissmig.unine.ch\/index.php?rest_route=\/wp\/v2\/posts"}],"about":[{"href":"https:\/\/swissmig.unine.ch\/index.php?rest_route=\/wp\/v2\/types\/post"}],"author":[{"embeddable":true,"href":"https:\/\/swissmig.unine.ch\/index.php?rest_route=\/wp\/v2\/users\/4"}],"replies":[{"embeddable":true,"href":"https:\/\/swissmig.unine.ch\/index.php?rest_route=%2Fwp%2Fv2%2Fcomments&post=18976"}],"version-history":[{"count":0,"href":"https:\/\/swissmig.unine.ch\/index.php?rest_route=\/wp\/v2\/posts\/18976\/revisions"}],"wp:attachment":[{"href":"https:\/\/swissmig.unine.ch\/index.php?rest_route=%2Fwp%2Fv2%2Fmedia&parent=18976"}],"wp:term":[{"taxonomy":"category","embeddable":true,"href":"https:\/\/swissmig.unine.ch\/index.php?rest_route=%2Fwp%2Fv2%2Fcategories&post=18976"},{"taxonomy":"post_tag","embeddable":true,"href":"https:\/\/swissmig.unine.ch\/index.php?rest_route=%2Fwp%2Fv2%2Ftags&post=18976"}],"curies":[{"name":"wp","href":"https:\/\/api.w.org\/{rel}","templated":true}]}}