{"id":1896,"date":"2018-01-31T12:40:27","date_gmt":"2018-01-31T11:40:27","guid":{"rendered":"https:\/\/swissmig.wordpress.com\/?p=1896"},"modified":"2018-01-31T12:40:27","modified_gmt":"2018-01-31T11:40:27","slug":"immigration-and-swiss-eu-free-movement-of-persons-question-of-a-safeguard-clause","status":"publish","type":"post","link":"https:\/\/swissmig.unine.ch\/?p=1896","title":{"rendered":"Immigration and Swiss-EU Free Movement of Persons: Question of a Safeguard Clause"},"content":{"rendered":"<h3>Author(s) : Michael Amb\u00fchl, Sibylle Z\u00fcrcher<\/h3>\n<h3>Source : <a href=\"http:\/\/onlinelibrary.wiley.com\/doi\/10.1111\/spsr.12143\/abstract\" target=\"_blank\" rel=\"noopener\">http:\/\/onlinelibrary.wiley.com\/doi\/10.1111\/spsr.12143\/abstract<\/a><\/h3>\n<p><strong>Abstract: <\/strong><span id=\"more-1884\"><\/span><\/p>\n<blockquote>\n<div class=\"wrapper_keywords\">\n<div class=\"article-section__content mainAbstract\">\n<p>The issue of migration is a current topic in different European countries. In this paper, we concentrate on the case of Switzerland. After the adoption of the Mass Immigration Initiative on 9 February 2014, Switzerland is faced with a challenging task. It needs to implement the constitutional mandate to manage migration autonomously, although Switzerland has a bilateral free movement of persons agreement with the EU. We present an approach to a solution for discussion. The basic idea is to maintain the principle of freedom of movement without fixed quotas or national priority but with a safeguard clause for (statistically) exceptional situations. An exceptional situation occurs if serious social, economic or political difficulties arise. As an objective method to determine serious difficulties, we choose an excessive percentage in net migration, defined on the basis of the situation in the EU\/EFTA. If the net migration in Switzerland is getting excessive, the safeguard clause could be called. In addition, we take other factors into account such as the amount of the EU\/EFTA foreigners and the labor market.<\/p>\n<p>&nbsp;<\/p>\n<\/div>\n<div id=\"de_main_abstract\" class=\"article-section__content mainAbstract\" lang=\"de\">\n<p>Die Problematik der Migration ist in verschiedenen L\u00e4ndern Europas ein aktuelles Thema. Am Beispiel der Schweiz, welche nach der Annahme der Einwanderungsinitiative vom 9. Februar 2014 vor dem herausfordernden Problem steht, wie sich der Verfassungsauftrag einer autonomen Steuerung der Migration mit den bilateralen Vertr\u00e4gen mit der EU und der daf\u00fcr essentiellen Personenfreiz\u00fcgigkeit vereinbaren l\u00e4sst, stellen wir einen L\u00f6sungsansatz zur Diskussion vor. Die Grundidee dieses Vorschlages ist grunds\u00e4tzliche Freiz\u00fcgigkeit unter Verzicht von fixen Kontingenten oder Inl\u00e4ndervorrang, jedoch mit einer Schutzklausel f\u00fcr (statistische) Ausnahmesituationen. Eine Ausnahmesituation ist dann vorhanden, falls ernsthafte soziale, \u00f6kologische, \u00f6konomische oder politische Schwierigkeiten auftreten. Als objektive Gr\u00f6sse zur Definition von ernsthaften Schwierigkeiten w\u00e4hlen wir eine \u00fcberm\u00e4ssige prozentuale Nettomigration. \u00dcberm\u00e4ssigkeit wird anhand der Situation in der EU\/EFTA definiert. Wird die Nettomigration in der Schweiz \u00fcberm\u00e4ssig, soll die Schutzklausel angerufen werden k\u00f6nnen. Neben dem Referenzwert der Nettoeinwanderung der EU\/EFTA-Staaten ber\u00fccksichtigen wir weitere Faktoren wie den Bestand der EU\/EFTA-B\u00fcrger und makro\u00f6konomische Parameter des Arbeitsmarktes.<\/p>\n<\/div>\n<\/div>\n<\/blockquote>\n<p>&nbsp;<\/p>\n<p>&nbsp;<\/p>\n","protected":false},"excerpt":{"rendered":"<p>Author(s) : Michael Amb\u00fchl, Sibylle Z\u00fcrcher Source : http:\/\/onlinelibrary.wiley.com\/doi\/10.1111\/spsr.12143\/abstract Abstract:&#8230;<\/p>\n","protected":false},"author":4,"featured_media":0,"comment_status":"open","ping_status":"open","sticky":false,"template":"","format":"standard","meta":{"_kadence_starter_templates_imported_post":false,"_kad_post_transparent":"","_kad_post_title":"","_kad_post_layout":"","_kad_post_sidebar_id":"","_kad_post_content_style":"","_kad_post_vertical_padding":"","_kad_post_feature":"","_kad_post_feature_position":"","_kad_post_header":false,"_kad_post_footer":false,"_kad_post_classname":"","jetpack_post_was_ever_published":false,"_jetpack_newsletter_access":"","_jetpack_dont_email_post_to_subs":false,"_jetpack_newsletter_tier_id":0,"_jetpack_memberships_contains_paywalled_content":false,"_jetpack_memberships_contains_paid_content":false,"footnotes":""},"categories":[12],"tags":[141,7,9,27,107,17,344,19,129,303,217,36,143,96],"class_list":["post-1896","post","type-post","status-publish","format-standard","hentry","category-politics","tag-141","tag-article","tag-english-language","tag-european-union","tag-freedom-of-movement","tag-immigrants","tag-indicators","tag-labour-market","tag-law","tag-legal-aspects","tag-migration-agreements","tag-migration-policy","tag-statistical-data","tag-voting-behaviour"],"jetpack_featured_media_url":"","jetpack_sharing_enabled":true,"_links":{"self":[{"href":"https:\/\/swissmig.unine.ch\/index.php?rest_route=\/wp\/v2\/posts\/1896","targetHints":{"allow":["GET"]}}],"collection":[{"href":"https:\/\/swissmig.unine.ch\/index.php?rest_route=\/wp\/v2\/posts"}],"about":[{"href":"https:\/\/swissmig.unine.ch\/index.php?rest_route=\/wp\/v2\/types\/post"}],"author":[{"embeddable":true,"href":"https:\/\/swissmig.unine.ch\/index.php?rest_route=\/wp\/v2\/users\/4"}],"replies":[{"embeddable":true,"href":"https:\/\/swissmig.unine.ch\/index.php?rest_route=%2Fwp%2Fv2%2Fcomments&post=1896"}],"version-history":[{"count":0,"href":"https:\/\/swissmig.unine.ch\/index.php?rest_route=\/wp\/v2\/posts\/1896\/revisions"}],"wp:attachment":[{"href":"https:\/\/swissmig.unine.ch\/index.php?rest_route=%2Fwp%2Fv2%2Fmedia&parent=1896"}],"wp:term":[{"taxonomy":"category","embeddable":true,"href":"https:\/\/swissmig.unine.ch\/index.php?rest_route=%2Fwp%2Fv2%2Fcategories&post=1896"},{"taxonomy":"post_tag","embeddable":true,"href":"https:\/\/swissmig.unine.ch\/index.php?rest_route=%2Fwp%2Fv2%2Ftags&post=1896"}],"curies":[{"name":"wp","href":"https:\/\/api.w.org\/{rel}","templated":true}]}}