{"id":1894,"date":"2018-01-31T12:15:16","date_gmt":"2018-01-31T11:15:16","guid":{"rendered":"https:\/\/swissmig.wordpress.com\/?p=1894"},"modified":"2018-01-31T12:15:16","modified_gmt":"2018-01-31T11:15:16","slug":"lehrer_in-migration-und-differenz-fragen-der-zugehorigkeit-bei-grundschullehrer_innen-der-zweiten-einwanderungsgeneration-in-der-schweiz","status":"publish","type":"post","link":"https:\/\/swissmig.unine.ch\/?p=1894","title":{"rendered":"Lehrer_in, Migration und Differenz: Fragen der Zugeh\u00f6rigkeit bei Grundschullehrer_innen der zweiten Einwanderungsgeneration in der Schweiz"},"content":{"rendered":"<h3>Author(s) : Carola Mantel<\/h3>\n<h3>Source : <a href=\"http:\/\/www.zora.uzh.ch\/id\/eprint\/145073\/\" target=\"_blank\" rel=\"noopener\">http:\/\/www.zora.uzh.ch\/id\/eprint\/145073\/<\/a><\/h3>\n<p><strong>Abstract: <\/strong><span id=\"more-1884\"><\/span><\/p>\n<blockquote>\n<div class=\"wrapper_keywords\">Lehrpersonen sind nicht nur herausgefordert, anerkennend mit sozialen Differenzen und Zugeh\u00f6rigkeiten ihrer Sch\u00fclerinnen und Sch\u00fcler umzugehen \u2013 sie sind auch selbst in soziale Grenzziehungsprozesse involviert und machen mitunter eigene Erfahrungen von Begrenzung oder prekarisierter Zugeh\u00f6rigkeit.<br \/>\nCarola Mantel rekonstruiert, inwiefern diese Erfahrungen lebens- und berufsgeschichtlich pr\u00e4gend sind und wie Lehrende daraus Orientierungsmuster f\u00fcr ihr p\u00e4dagogisches Handeln ableiten. Sie identifiziert vier idealtypische Zusammenhangsstrukturen bei Primarlehrpersonen der zweiten Einwanderungsgeneration in der deutschsprachigen Schweiz.<\/div>\n<\/blockquote>\n<p>&nbsp;<\/p>\n<p>&nbsp;<\/p>\n","protected":false},"excerpt":{"rendered":"<p>Author(s) : Carola Mantel Source : http:\/\/www.zora.uzh.ch\/id\/eprint\/145073\/ Abstract: Lehrpersonen sind&#8230;<\/p>\n","protected":false},"author":4,"featured_media":0,"comment_status":"open","ping_status":"open","sticky":false,"template":"","format":"standard","meta":{"_kadence_starter_templates_imported_post":false,"_kad_post_transparent":"","_kad_post_title":"","_kad_post_layout":"","_kad_post_sidebar_id":"","_kad_post_content_style":"","_kad_post_vertical_padding":"","_kad_post_feature":"","_kad_post_feature_position":"","_kad_post_header":false,"_kad_post_footer":false,"_kad_post_classname":"","jetpack_post_was_ever_published":false,"_jetpack_newsletter_access":"","_jetpack_dont_email_post_to_subs":false,"_jetpack_newsletter_tier_id":0,"_jetpack_memberships_contains_paywalled_content":false,"_jetpack_memberships_contains_paid_content":false,"footnotes":""},"categories":[61],"tags":[48,504,92,78,73,117,145,91,219,371],"class_list":["post-1894","post","type-post","status-publish","format-standard","hentry","category-education","tag-48","tag-biography","tag-country-of-origin","tag-educational-system","tag-german-language","tag-school-integration","tag-second-generation","tag-social-integration","tag-thesis","tag-vocational-training"],"jetpack_featured_media_url":"","jetpack_sharing_enabled":true,"_links":{"self":[{"href":"https:\/\/swissmig.unine.ch\/index.php?rest_route=\/wp\/v2\/posts\/1894","targetHints":{"allow":["GET"]}}],"collection":[{"href":"https:\/\/swissmig.unine.ch\/index.php?rest_route=\/wp\/v2\/posts"}],"about":[{"href":"https:\/\/swissmig.unine.ch\/index.php?rest_route=\/wp\/v2\/types\/post"}],"author":[{"embeddable":true,"href":"https:\/\/swissmig.unine.ch\/index.php?rest_route=\/wp\/v2\/users\/4"}],"replies":[{"embeddable":true,"href":"https:\/\/swissmig.unine.ch\/index.php?rest_route=%2Fwp%2Fv2%2Fcomments&post=1894"}],"version-history":[{"count":0,"href":"https:\/\/swissmig.unine.ch\/index.php?rest_route=\/wp\/v2\/posts\/1894\/revisions"}],"wp:attachment":[{"href":"https:\/\/swissmig.unine.ch\/index.php?rest_route=%2Fwp%2Fv2%2Fmedia&parent=1894"}],"wp:term":[{"taxonomy":"category","embeddable":true,"href":"https:\/\/swissmig.unine.ch\/index.php?rest_route=%2Fwp%2Fv2%2Fcategories&post=1894"},{"taxonomy":"post_tag","embeddable":true,"href":"https:\/\/swissmig.unine.ch\/index.php?rest_route=%2Fwp%2Fv2%2Ftags&post=1894"}],"curies":[{"name":"wp","href":"https:\/\/api.w.org\/{rel}","templated":true}]}}