{"id":1886,"date":"2018-01-26T16:50:23","date_gmt":"2018-01-26T15:50:23","guid":{"rendered":"https:\/\/swissmig.wordpress.com\/?p=1886"},"modified":"2018-01-26T16:50:23","modified_gmt":"2018-01-26T15:50:23","slug":"contre-point-quand-la-toute-mobilite-peut-devenir-limmobilisation-des-acteurs-de-la-mobilite-et-quand-societes-daccueil-et-de-depart-produisent-du-brain-waste","status":"publish","type":"post","link":"https:\/\/swissmig.unine.ch\/?p=1886","title":{"rendered":"Contre-point. Quand la toute-mobilit\u00e9 peut devenir l\u2019immobilisation des acteurs de la mobilit\u00e9&#8230; et quand soci\u00e9t\u00e9s d\u2019accueil et de d\u00e9part produisent du \u00ab brain waste \u00bb"},"content":{"rendered":"<h3>Author(s) : Aline Gohard-Radenkovic<\/h3>\n<h3>Source : <a href=\"https:\/\/dx.doi.org\/10.3917\/jim.005.0157\" target=\"_blank\" rel=\"noopener\">https:\/\/dx.doi.org\/10.3917\/jim.005.0157 <\/a><\/h3>\n<p><strong>Abstract N\/A\u00a0<\/strong><\/p>\n<p>&nbsp;<\/p>\n","protected":false},"excerpt":{"rendered":"<p>Author(s) : Aline Gohard-Radenkovic Source : https:\/\/dx.doi.org\/10.3917\/jim.005.0157 Abstract N\/A\u00a0 &nbsp;<\/p>\n","protected":false},"author":4,"featured_media":0,"comment_status":"open","ping_status":"open","sticky":false,"template":"","format":"standard","meta":{"_kadence_starter_templates_imported_post":false,"_kad_post_transparent":"","_kad_post_title":"","_kad_post_layout":"","_kad_post_sidebar_id":"","_kad_post_content_style":"","_kad_post_vertical_padding":"","_kad_post_feature":"","_kad_post_feature_position":"","_kad_post_header":false,"_kad_post_footer":false,"_kad_post_classname":"","jetpack_post_was_ever_published":false,"_jetpack_newsletter_access":"","_jetpack_dont_email_post_to_subs":false,"_jetpack_newsletter_tier_id":0,"_jetpack_memberships_contains_paywalled_content":false,"_jetpack_memberships_contains_paid_content":false,"footnotes":""},"categories":[61],"tags":[48,7,496,92,497,240,52,429,341,55,324,19,110,290,84],"class_list":["post-1886","post","type-post","status-publish","format-standard","hentry","category-education","tag-48","tag-article","tag-brain-waste","tag-country-of-origin","tag-education-mobility","tag-employment","tag-french-language","tag-fribourg","tag-geneva","tag-high-skilled-immigrants","tag-immobility","tag-labour-market","tag-mobility","tag-students","tag-unemployment"],"jetpack_featured_media_url":"","jetpack_sharing_enabled":true,"_links":{"self":[{"href":"https:\/\/swissmig.unine.ch\/index.php?rest_route=\/wp\/v2\/posts\/1886","targetHints":{"allow":["GET"]}}],"collection":[{"href":"https:\/\/swissmig.unine.ch\/index.php?rest_route=\/wp\/v2\/posts"}],"about":[{"href":"https:\/\/swissmig.unine.ch\/index.php?rest_route=\/wp\/v2\/types\/post"}],"author":[{"embeddable":true,"href":"https:\/\/swissmig.unine.ch\/index.php?rest_route=\/wp\/v2\/users\/4"}],"replies":[{"embeddable":true,"href":"https:\/\/swissmig.unine.ch\/index.php?rest_route=%2Fwp%2Fv2%2Fcomments&post=1886"}],"version-history":[{"count":0,"href":"https:\/\/swissmig.unine.ch\/index.php?rest_route=\/wp\/v2\/posts\/1886\/revisions"}],"wp:attachment":[{"href":"https:\/\/swissmig.unine.ch\/index.php?rest_route=%2Fwp%2Fv2%2Fmedia&parent=1886"}],"wp:term":[{"taxonomy":"category","embeddable":true,"href":"https:\/\/swissmig.unine.ch\/index.php?rest_route=%2Fwp%2Fv2%2Fcategories&post=1886"},{"taxonomy":"post_tag","embeddable":true,"href":"https:\/\/swissmig.unine.ch\/index.php?rest_route=%2Fwp%2Fv2%2Ftags&post=1886"}],"curies":[{"name":"wp","href":"https:\/\/api.w.org\/{rel}","templated":true}]}}