{"id":1878,"date":"2018-01-26T14:37:52","date_gmt":"2018-01-26T13:37:52","guid":{"rendered":"https:\/\/swissmig.wordpress.com\/?p=1878"},"modified":"2018-01-26T14:37:52","modified_gmt":"2018-01-26T13:37:52","slug":"kulturelle-vielfalt-als-herausforderung-an-schulreformen","status":"publish","type":"post","link":"https:\/\/swissmig.unine.ch\/?p=1878","title":{"rendered":"Kulturelle Vielfalt als Herausforderung an Schulreformen?"},"content":{"rendered":"<h3>Author(s) : Claudia Crotti<\/h3>\n<h3>Source : <a href=\"https:\/\/dx.doi.org\/10.1007\/978-3-658-19498-7_6\" target=\"_blank\" rel=\"noopener\">https:\/\/dx.doi.org\/10.1007\/978-3-658-19498-7_6<\/a><\/h3>\n<p><strong>Abstract: <\/strong><!--more--><\/p>\n<blockquote><p>Die Schweiz als klassisches Einwanderungsland des 20. und 21. Jahrhunderts weist aktuell knapp mehr als 2 Millionen eingewanderte Personen als Teil der st\u00e4ndigen Wohnbev\u00f6lkerung aus (BfS 2016). Rund 20 Prozent dieser Personen sind zwischen 0 und 19 Jahre alt, sie besuchen Schulen, absolvieren eine Berufsausbildung. Der Zugang zu und der Erwerb von Bildung stellt <em class=\"EmphasisTypeItalic \">die<\/em> zentrale Ressource f\u00fcr die M\u00f6glichkeit gesellschaftlicher Partizipation und f\u00fcr die Positionierung auf dem Arbeitsmarkt dar.<\/p><\/blockquote>\n<p>&nbsp;<\/p>\n","protected":false},"excerpt":{"rendered":"<p>Author(s) : Claudia Crotti Source : https:\/\/dx.doi.org\/10.1007\/978-3-658-19498-7_6 Abstract:<\/p>\n","protected":false},"author":4,"featured_media":0,"comment_status":"open","ping_status":"open","sticky":false,"template":"","format":"standard","meta":{"_kadence_starter_templates_imported_post":false,"_kad_post_transparent":"","_kad_post_title":"","_kad_post_layout":"","_kad_post_sidebar_id":"","_kad_post_content_style":"","_kad_post_vertical_padding":"","_kad_post_feature":"","_kad_post_feature_position":"","_kad_post_header":false,"_kad_post_footer":false,"_kad_post_classname":"","jetpack_post_was_ever_published":false,"_jetpack_newsletter_access":"","_jetpack_dont_email_post_to_subs":false,"_jetpack_newsletter_tier_id":0,"_jetpack_memberships_contains_paywalled_content":false,"_jetpack_memberships_contains_paid_content":false,"footnotes":""},"categories":[61],"tags":[285,32,409,493,176,77,78,73,363,91],"class_list":["post-1878","post","type-post","status-publish","format-standard","hentry","category-education","tag-285","tag-book-chapter","tag-cultural-diversity","tag-diversity-management","tag-economic-integration","tag-education-policy","tag-educational-system","tag-german-language","tag-school","tag-social-integration"],"jetpack_featured_media_url":"","jetpack_sharing_enabled":true,"_links":{"self":[{"href":"https:\/\/swissmig.unine.ch\/index.php?rest_route=\/wp\/v2\/posts\/1878","targetHints":{"allow":["GET"]}}],"collection":[{"href":"https:\/\/swissmig.unine.ch\/index.php?rest_route=\/wp\/v2\/posts"}],"about":[{"href":"https:\/\/swissmig.unine.ch\/index.php?rest_route=\/wp\/v2\/types\/post"}],"author":[{"embeddable":true,"href":"https:\/\/swissmig.unine.ch\/index.php?rest_route=\/wp\/v2\/users\/4"}],"replies":[{"embeddable":true,"href":"https:\/\/swissmig.unine.ch\/index.php?rest_route=%2Fwp%2Fv2%2Fcomments&post=1878"}],"version-history":[{"count":0,"href":"https:\/\/swissmig.unine.ch\/index.php?rest_route=\/wp\/v2\/posts\/1878\/revisions"}],"wp:attachment":[{"href":"https:\/\/swissmig.unine.ch\/index.php?rest_route=%2Fwp%2Fv2%2Fmedia&parent=1878"}],"wp:term":[{"taxonomy":"category","embeddable":true,"href":"https:\/\/swissmig.unine.ch\/index.php?rest_route=%2Fwp%2Fv2%2Fcategories&post=1878"},{"taxonomy":"post_tag","embeddable":true,"href":"https:\/\/swissmig.unine.ch\/index.php?rest_route=%2Fwp%2Fv2%2Ftags&post=1878"}],"curies":[{"name":"wp","href":"https:\/\/api.w.org\/{rel}","templated":true}]}}