{"id":1831,"date":"2018-01-15T15:40:51","date_gmt":"2018-01-15T14:40:51","guid":{"rendered":"https:\/\/swissmig.wordpress.com\/?p=1831"},"modified":"2018-01-15T15:40:51","modified_gmt":"2018-01-15T14:40:51","slug":"modeles-de-citoyennete-et-mobilisation-politique-des-migrants-en-suisse-le-role-des-cantons","status":"publish","type":"post","link":"https:\/\/swissmig.unine.ch\/?p=1831","title":{"rendered":"Mod\u00e8les de citoyennet\u00e9 et mobilisation politique des migrants en Suisse: Le r\u00f4le des cantons"},"content":{"rendered":"<h3>Author(s) : Nina Eggert, Anita Murigande<\/h3>\n<h3>Source : <a href=\"http:\/\/dx.doi.org\/10.1002\/j.1662-6370.2004.tb00043.x\" target=\"_blank\" rel=\"noopener\">http:\/\/dx.doi.org\/10.1002\/j.1662-6370.2004.tb00043.x<\/a><\/h3>\n<p><strong>Abstract: <\/strong><span id=\"more-1758\"><\/span><\/p>\n<blockquote>\n<section class=\"abstract\">\n<section id=\"Abs1\" class=\"Abstract\" lang=\"en\">\n<section id=\"Abs1\" class=\"Abstract\" lang=\"fr\">\n<section id=\"Abs1\" class=\"Abstract\" lang=\"en\">\n<div>La litt\u00e9rature r\u00e9cente sur la mobilisation politique des migrants a mis en \u00e9vidence l&#8217;impact des mod\u00e8les de citoyennet\u00e9 nationaux sur celle-ci comme structure des opportunit\u00e9s politiques sp\u00e9cifique au champ de l&#8217;immigration et des relations ethniques. Cette approche contient n\u00e9anmoins des limites, particuli\u00e8rement pour le cas de la Suisse caract\u00e9ris\u00e9e par le f\u00e9d\u00e9ralisme d&#8217;ex\u00e9cution dans le domaine de la naturalisation et de l&#8217;int\u00e9gration des migrants. Ainsi, la marge de man\u0153uvre laiss\u00e9e aux cantons en la mati\u00e8re permet de construire une typologie de mod\u00e8les de citoyennet\u00e9 cantonaux inspir\u00e9e de la typologie nationale. L&#8217;hypoth\u00e8se est que les mod\u00e8les de citoyennet\u00e9 cantonaux influencent la mobilisation des migrants sur le plan local en Suisse, non seulement au niveau de la participation mais \u00e9galement au niveau th\u00e8mes abord\u00e9s. Une analyse des revendications politiques des migrants dans les cantons suisses nous permet de v\u00e9rifier cette hypoth\u00e8se. En effet, nous montrons que la participation et les th\u00e8mes abord\u00e9s diff\u00e8rent selon les pratiques cantonales en mati\u00e8re de naturalisation et d&#8217;int\u00e9gration des migrants.<\/div>\n<\/section>\n<\/section>\n<\/section>\n<\/section>\n<\/blockquote>\n<div><\/div>\n<p>&nbsp;<\/p>\n","protected":false},"excerpt":{"rendered":"<p>Author(s) : Nina Eggert, Anita Murigande Source : http:\/\/dx.doi.org\/10.1002\/j.1662-6370.2004.tb00043.x Abstract:&#8230;<\/p>\n","protected":false},"author":4,"featured_media":0,"comment_status":"open","ping_status":"open","sticky":false,"template":"","format":"standard","meta":{"_kadence_starter_templates_imported_post":false,"_kad_post_transparent":"","_kad_post_title":"","_kad_post_layout":"","_kad_post_sidebar_id":"","_kad_post_content_style":"","_kad_post_vertical_padding":"","_kad_post_feature":"","_kad_post_feature_position":"","_kad_post_header":false,"_kad_post_footer":false,"_kad_post_classname":"","jetpack_post_was_ever_published":false,"_jetpack_newsletter_access":"","_jetpack_dont_email_post_to_subs":false,"_jetpack_newsletter_tier_id":0,"_jetpack_memberships_contains_paywalled_content":false,"_jetpack_memberships_contains_paid_content":false,"footnotes":""},"categories":[12],"tags":[85,7,273,70,483,52,122,93,123,326,94],"class_list":["post-1831","post","type-post","status-publish","format-standard","hentry","category-politics","tag-85","tag-article","tag-cantons","tag-citizenship","tag-communities","tag-french-language","tag-migrants","tag-naturalization","tag-political-participation","tag-political-representation","tag-political-system"],"jetpack_featured_media_url":"","jetpack_sharing_enabled":true,"_links":{"self":[{"href":"https:\/\/swissmig.unine.ch\/index.php?rest_route=\/wp\/v2\/posts\/1831","targetHints":{"allow":["GET"]}}],"collection":[{"href":"https:\/\/swissmig.unine.ch\/index.php?rest_route=\/wp\/v2\/posts"}],"about":[{"href":"https:\/\/swissmig.unine.ch\/index.php?rest_route=\/wp\/v2\/types\/post"}],"author":[{"embeddable":true,"href":"https:\/\/swissmig.unine.ch\/index.php?rest_route=\/wp\/v2\/users\/4"}],"replies":[{"embeddable":true,"href":"https:\/\/swissmig.unine.ch\/index.php?rest_route=%2Fwp%2Fv2%2Fcomments&post=1831"}],"version-history":[{"count":0,"href":"https:\/\/swissmig.unine.ch\/index.php?rest_route=\/wp\/v2\/posts\/1831\/revisions"}],"wp:attachment":[{"href":"https:\/\/swissmig.unine.ch\/index.php?rest_route=%2Fwp%2Fv2%2Fmedia&parent=1831"}],"wp:term":[{"taxonomy":"category","embeddable":true,"href":"https:\/\/swissmig.unine.ch\/index.php?rest_route=%2Fwp%2Fv2%2Fcategories&post=1831"},{"taxonomy":"post_tag","embeddable":true,"href":"https:\/\/swissmig.unine.ch\/index.php?rest_route=%2Fwp%2Fv2%2Ftags&post=1831"}],"curies":[{"name":"wp","href":"https:\/\/api.w.org\/{rel}","templated":true}]}}