{"id":1825,"date":"2018-01-15T14:52:25","date_gmt":"2018-01-15T13:52:25","guid":{"rendered":"https:\/\/swissmig.wordpress.com\/?p=1825"},"modified":"2018-01-15T14:52:25","modified_gmt":"2018-01-15T13:52:25","slug":"les-suisses-de-letranger-et-lidentite-nationale","status":"publish","type":"post","link":"https:\/\/swissmig.unine.ch\/?p=1825","title":{"rendered":"&#8220;Les Suisses de l&#8217;\u00e9tranger&#8221; et l&#8217;identit\u00e9 nationale"},"content":{"rendered":"<h3>Author(s) : G\u00e9rald Arlettaz<\/h3>\n<h3>Source : <a href=\"https:\/\/www.amtsdruckschriften.bar.admin.ch\/viewOrigDoc.do?ID=80000081\" target=\"_blank\" rel=\"noopener\">https:\/\/www.amtsdruckschriften.bar.admin.ch\/viewOrigDoc.do?ID=80000081<\/a><\/h3>\n<p><strong>Abstract: <\/strong><span id=\"more-1758\"><\/span><\/p>\n<blockquote>\n<section class=\"abstract\">\n<section id=\"Abs1\" class=\"Abstract\" lang=\"en\">\n<section id=\"Abs1\" class=\"Abstract\" lang=\"fr\">\n<section id=\"Abs1\" class=\"Abstract\" lang=\"en\">\n<div>Aborder l&#8217;identit\u00e9 nationale des Suisses de l&#8217;\u00e9tranger, c&#8217;est admettre qu&#8217;il existe des facteurs culturels communs permettant de d\u00e9finir certaines caract\u00e9ristiques propres \u00e0 une collectivit\u00e9. Mais, de quelle collectivit\u00e9 s&#8217;agit-il? Pour certains auteurs, \u00abII n&#8217;y a pas plus de \u00abSuisse de l&#8217;\u00e9tranger\u00bb que de Suisse tout court. A part le passeport et l&#8217;exil, rien ne les rassemble.\u00bb En effet, o\u00f9 trouver un d\u00e9nominateur commun chez des centaines de milliers, voire des millions de ressortissants suisses, issus d&#8217;aires g\u00e9ographiques, de milieux sociaux variant \u00e0 l&#8217;infini, partis pendant des si\u00e8cles pour tous les pays du monde o\u00f9 ils se sont install\u00e9s dans des conditions politiques, \u00e9conomiques et culturelles totalement diff\u00e9rentes les unes des autres?<\/div>\n<\/section>\n<\/section>\n<\/section>\n<\/section>\n<\/blockquote>\n<div><\/div>\n<p>&nbsp;<\/p>\n","protected":false},"excerpt":{"rendered":"<p>Author(s) : G\u00e9rald Arlettaz Source : https:\/\/www.amtsdruckschriften.bar.admin.ch\/viewOrigDoc.do?ID=80000081 Abstract: Aborder l&#8217;identit\u00e9&#8230;<\/p>\n","protected":false},"author":4,"featured_media":0,"comment_status":"open","ping_status":"open","sticky":false,"template":"","format":"standard","meta":{"_kadence_starter_templates_imported_post":false,"_kad_post_transparent":"","_kad_post_title":"","_kad_post_layout":"","_kad_post_sidebar_id":"","_kad_post_content_style":"","_kad_post_vertical_padding":"","_kad_post_feature":"","_kad_post_feature_position":"","_kad_post_header":false,"_kad_post_footer":false,"_kad_post_classname":"","jetpack_post_was_ever_published":false,"_jetpack_newsletter_access":"","_jetpack_dont_email_post_to_subs":false,"_jetpack_newsletter_tier_id":0,"_jetpack_memberships_contains_paywalled_content":false,"_jetpack_memberships_contains_paid_content":false,"footnotes":""},"categories":[43],"tags":[477,7,136,137,52,87,104,205,478],"class_list":["post-1825","post","type-post","status-publish","format-standard","hentry","category-the-migration-phenomenon","tag-477","tag-article","tag-diasporas","tag-emigration","tag-french-language","tag-history","tag-living-conditions","tag-national-identity","tag-swiss"],"jetpack_featured_media_url":"","jetpack_sharing_enabled":true,"_links":{"self":[{"href":"https:\/\/swissmig.unine.ch\/index.php?rest_route=\/wp\/v2\/posts\/1825","targetHints":{"allow":["GET"]}}],"collection":[{"href":"https:\/\/swissmig.unine.ch\/index.php?rest_route=\/wp\/v2\/posts"}],"about":[{"href":"https:\/\/swissmig.unine.ch\/index.php?rest_route=\/wp\/v2\/types\/post"}],"author":[{"embeddable":true,"href":"https:\/\/swissmig.unine.ch\/index.php?rest_route=\/wp\/v2\/users\/4"}],"replies":[{"embeddable":true,"href":"https:\/\/swissmig.unine.ch\/index.php?rest_route=%2Fwp%2Fv2%2Fcomments&post=1825"}],"version-history":[{"count":0,"href":"https:\/\/swissmig.unine.ch\/index.php?rest_route=\/wp\/v2\/posts\/1825\/revisions"}],"wp:attachment":[{"href":"https:\/\/swissmig.unine.ch\/index.php?rest_route=%2Fwp%2Fv2%2Fmedia&parent=1825"}],"wp:term":[{"taxonomy":"category","embeddable":true,"href":"https:\/\/swissmig.unine.ch\/index.php?rest_route=%2Fwp%2Fv2%2Fcategories&post=1825"},{"taxonomy":"post_tag","embeddable":true,"href":"https:\/\/swissmig.unine.ch\/index.php?rest_route=%2Fwp%2Fv2%2Ftags&post=1825"}],"curies":[{"name":"wp","href":"https:\/\/api.w.org\/{rel}","templated":true}]}}