{"id":1823,"date":"2018-01-09T13:52:17","date_gmt":"2018-01-09T12:52:17","guid":{"rendered":"https:\/\/swissmig.wordpress.com\/?p=1823"},"modified":"2018-01-09T13:52:17","modified_gmt":"2018-01-09T12:52:17","slug":"immigration-and-integration-policy-in-switzerland-1848-to-2014-2","status":"publish","type":"post","link":"https:\/\/swissmig.unine.ch\/?p=1823","title":{"rendered":"Immigration and Integration Policy in Switzerland, 1848 to 2014"},"content":{"rendered":"<h3>Author(s) : Didier Ruedin, Camilla Alberti, Gianni D&#8217;Amato<\/h3>\n<h3>Source : <a href=\"http:\/\/dx.doi.org\/10.1111\/spsr.12144\" target=\"_blank\" rel=\"noopener\">http:\/\/dx.doi.org\/10.1111\/spsr.12144<\/a><\/h3>\n<p><strong>Abstract: <\/strong><span id=\"more-1758\"><\/span><\/p>\n<blockquote>\n<section class=\"abstract\">\n<section id=\"Abs1\" class=\"Abstract\" lang=\"en\">\n<section id=\"Abs1\" class=\"Abstract\" lang=\"fr\">\n<section id=\"Abs1\" class=\"Abstract\" lang=\"en\">\n<div class=\"article-section__content mainAbstract\">\n<p>The regulation of immigration and how immigrants are treated once they settle in a country are fundamental aspects of national policy. Existing descriptions of the developments of immigration and integration policy have either provided a limited snapshot, or relied on the author&#8217;s subjective assessment of how policies developed over time. In this research note, we provide a systematic and truly historical assessment of immigration and integration policy in Switzerland: between the foundation of modern Switzerland in 1848 and 2014. The most recent MIPEX questionnaire was used to provide a systematic and multidimensional portrait of how immigration and integration policy has evolved in Switzerland. Using these data, we identify three distinctive periods (expansive, restricting, expanding), and argue that the changes in policies reflect the fact that immigrants are increasingly accepted as a permanent feature of Swiss society.<\/p>\n<p><strong>Abstract<\/strong><\/p>\n<\/div>\n<div id=\"de_main_abstract\" class=\"article-section__content mainAbstract\" lang=\"de\">\n<p>Ein fundamentaler Aspekt nationaler Politik ist die Regulierung von Immigration und wie Immigranten behandelt werden, wenn sie sich im Land niederlassen. Bestehende Beschriebe wie sich die Immigrations- und Integrationspolitik der Schweiz entwickelte waren entweder beschr\u00e4nkte Momentaufnahmen oder abh\u00e4ngig von der subjektiven Einsch\u00e4tzung der Autoren wie sich die Politik ver\u00e4nderte. In dieser Research Note pr\u00e4sentieren eine systematische und wahrhaftig historische Einsch\u00e4tzung, wie sich die Immigrations- und Integrationspolitik entwickelte: zwischen der Gr\u00fcndung der modernen Schweiz in 1848 und 2014. Die aktuellen MIPEX Fragebogen wurden verwendet um ein systematisches und mehrdimensionales Bild zu zeichnen, wie sich die Immigrations- und Integrationspolitik der Schweiz entwickelte. Mit diesen Daten identifizieren wir drei ausgepr\u00e4gte Perioden (expansiv, restriktiv, expandierend) und argumentieren dass diese \u00c4nderungen widerspiegeln, dass Immigranten und Immigrantinnen vermehrt als fester Bestandteil der Schweizer Gesellschaft betrachtet werden.<\/p>\n<\/div>\n<\/section>\n<\/section>\n<\/section>\n<\/section>\n<\/blockquote>\n<div><\/div>\n<p>&nbsp;<\/p>\n","protected":false},"excerpt":{"rendered":"<p>Author(s) : Didier Ruedin, Camilla Alberti, Gianni D&#8217;Amato Source :&#8230;<\/p>\n","protected":false},"author":4,"featured_media":0,"comment_status":"open","ping_status":"open","sticky":false,"template":"","format":"standard","meta":{"_kadence_starter_templates_imported_post":false,"_kad_post_transparent":"","_kad_post_title":"","_kad_post_layout":"","_kad_post_sidebar_id":"","_kad_post_content_style":"","_kad_post_vertical_padding":"","_kad_post_feature":"","_kad_post_feature_position":"","_kad_post_header":false,"_kad_post_footer":false,"_kad_post_classname":"","jetpack_post_was_ever_published":false,"_jetpack_newsletter_access":"","_jetpack_dont_email_post_to_subs":false,"_jetpack_newsletter_tier_id":0,"_jetpack_memberships_contains_paywalled_content":false,"_jetpack_memberships_contains_paid_content":false,"footnotes":""},"categories":[12],"tags":[141,7,9,87,17,98,387,91,143,181],"class_list":["post-1823","post","type-post","status-publish","format-standard","hentry","category-politics","tag-141","tag-article","tag-english-language","tag-history","tag-immigrants","tag-immigration-policy","tag-integration-policy","tag-social-integration","tag-statistical-data","tag-survey"],"jetpack_featured_media_url":"","jetpack_sharing_enabled":true,"_links":{"self":[{"href":"https:\/\/swissmig.unine.ch\/index.php?rest_route=\/wp\/v2\/posts\/1823","targetHints":{"allow":["GET"]}}],"collection":[{"href":"https:\/\/swissmig.unine.ch\/index.php?rest_route=\/wp\/v2\/posts"}],"about":[{"href":"https:\/\/swissmig.unine.ch\/index.php?rest_route=\/wp\/v2\/types\/post"}],"author":[{"embeddable":true,"href":"https:\/\/swissmig.unine.ch\/index.php?rest_route=\/wp\/v2\/users\/4"}],"replies":[{"embeddable":true,"href":"https:\/\/swissmig.unine.ch\/index.php?rest_route=%2Fwp%2Fv2%2Fcomments&post=1823"}],"version-history":[{"count":0,"href":"https:\/\/swissmig.unine.ch\/index.php?rest_route=\/wp\/v2\/posts\/1823\/revisions"}],"wp:attachment":[{"href":"https:\/\/swissmig.unine.ch\/index.php?rest_route=%2Fwp%2Fv2%2Fmedia&parent=1823"}],"wp:term":[{"taxonomy":"category","embeddable":true,"href":"https:\/\/swissmig.unine.ch\/index.php?rest_route=%2Fwp%2Fv2%2Fcategories&post=1823"},{"taxonomy":"post_tag","embeddable":true,"href":"https:\/\/swissmig.unine.ch\/index.php?rest_route=%2Fwp%2Fv2%2Ftags&post=1823"}],"curies":[{"name":"wp","href":"https:\/\/api.w.org\/{rel}","templated":true}]}}