{"id":1821,"date":"2018-01-09T13:32:44","date_gmt":"2018-01-09T12:32:44","guid":{"rendered":"https:\/\/swissmig.wordpress.com\/?p=1821"},"modified":"2018-01-09T13:32:44","modified_gmt":"2018-01-09T12:32:44","slug":"unemployment-and-discrimination-against-youth-of-immigrant-origin-in-switzerland-when-the-name-makes-the-difference","status":"publish","type":"post","link":"https:\/\/swissmig.unine.ch\/?p=1821","title":{"rendered":"Unemployment and discrimination against youth of immigrant origin in Switzerland: When the name makes the difference"},"content":{"rendered":"<h3>Author(s) : Rosita Fibbi, Mathias Lerch, Philippe Wanner<\/h3>\n<h3>Source : <a href=\"https:\/\/doi.org\/10.1007\/s12134-006-1017-x\" target=\"_blank\" rel=\"noopener\">https:\/\/doi.org\/10.1007\/s12134-006-1017-x<\/a><\/h3>\n<p><strong>Abstract: <\/strong><span id=\"more-1758\"><\/span><\/p>\n<blockquote>\n<section class=\"abstract\">\n<section id=\"Abs1\" class=\"Abstract\" lang=\"en\">\n<section id=\"Abs1\" class=\"Abstract\" lang=\"fr\">\n<section id=\"Abs1\" class=\"Abstract\" lang=\"en\">\n<p class=\"Para\">Although the percentage of foreigners residing in Switzerland is as high as 20%, it was not until the nineties that the country set up an official integration policy. Unemployment among immigrants was one of the main reasons that prompted this significant change. The policy accorded priority to newcomers. This article, which draws on two recent studies on integration of youth of immigrant descent conducted at the Swiss Forum for Migration and Population Studies, shows, however, that integration problems also concern established youth; despite holding the same qualifications as the locals, they face discrimination in entering the labour market.<\/p>\n<p class=\"Para\"><strong>Key words : <\/strong><span class=\"Keyword\">Second generation, <\/span><span class=\"Keyword\">Discrimination, <\/span><span class=\"Keyword\">Labour market, <\/span><span class=\"Keyword\">Unemployment, <\/span><span class=\"Keyword\">Switzerland<\/span><\/p>\n<section id=\"Abs2\" class=\"Abstract\" lang=\"fr\">\n<p class=\"Para\">Bien que le pourcentage d\u2019\u00e9trangers r\u00e9sidant en Suisse atteigne les 20%, le pays ne s\u2019est dot\u00e9 d\u2019une politique officielle d\u2019int\u00e9gration que dans les ann\u00e9es 90. L\u2019apparition du ch\u00f4mage parmi les migrants a fortement contribu\u00e9 \u00e0 ce changement significatif. La politique d\u2019int\u00e9gration s\u2019adresse prioritairement aux nouveaux immigrants. Toutefois, les difficult\u00e9s d\u2019int\u00e9gration concernent \u00e9galement la jeunesse d\u2019origine immigr\u00e9e qui r\u00e9side dans le pays depuis de longues ann\u00e9es, comme le d\u00e9montre cet article qui relate les r\u00e9sultats de deux \u00e9tudes men\u00e9es au Forum suisse pour l\u2019\u00e9tude des migrations et de la population. L\u2019\u00e9vidence empirique d\u00e9montre que ces jeunes sont confront\u00e9s \u00e0 la discrimination \u00e0 l\u2019entr\u00e9e sur le march\u00e9 du travail, m\u00eame lorsqu\u2019ils disposent de qualifications identiques \u00e0 celles de leurs cong\u00e9n\u00e8res.<\/p>\n<p class=\"Para\"><strong>Mots-cl\u00e9s : <\/strong><span class=\"Keyword\">Deuxi\u00e8me g\u00e9n\u00e9ration, <\/span><span class=\"Keyword\">March\u00e9 du travail, <\/span><span class=\"Keyword\">Ch\u00f4mage, <\/span><span class=\"Keyword\">Suisse\u00a0<\/span><\/p>\n<\/section>\n<\/section>\n<\/section>\n<\/section>\n<\/section>\n<\/blockquote>\n<div><\/div>\n<p>&nbsp;<\/p>\n","protected":false},"excerpt":{"rendered":"<p>Author(s) : Rosita Fibbi, Mathias Lerch, Philippe Wanner Source :&#8230;<\/p>\n","protected":false},"author":4,"featured_media":0,"comment_status":"open","ping_status":"open","sticky":false,"template":"","format":"standard","meta":{"_kadence_starter_templates_imported_post":false,"_kad_post_transparent":"","_kad_post_title":"","_kad_post_layout":"","_kad_post_sidebar_id":"","_kad_post_content_style":"","_kad_post_vertical_padding":"","_kad_post_feature":"","_kad_post_feature_position":"","_kad_post_header":false,"_kad_post_footer":false,"_kad_post_classname":"","jetpack_post_was_ever_published":false,"_jetpack_newsletter_access":"","_jetpack_dont_email_post_to_subs":false,"_jetpack_newsletter_tier_id":0,"_jetpack_memberships_contains_paywalled_content":false,"_jetpack_memberships_contains_paid_content":false,"footnotes":""},"categories":[24],"tags":[417,7,146,9,98,19,145,91,84,118],"class_list":["post-1821","post","type-post","status-publish","format-standard","hentry","category-society-family-racism","tag-417","tag-article","tag-discrimination","tag-english-language","tag-immigration-policy","tag-labour-market","tag-second-generation","tag-social-integration","tag-unemployment","tag-youth"],"jetpack_featured_media_url":"","jetpack_sharing_enabled":true,"_links":{"self":[{"href":"https:\/\/swissmig.unine.ch\/index.php?rest_route=\/wp\/v2\/posts\/1821","targetHints":{"allow":["GET"]}}],"collection":[{"href":"https:\/\/swissmig.unine.ch\/index.php?rest_route=\/wp\/v2\/posts"}],"about":[{"href":"https:\/\/swissmig.unine.ch\/index.php?rest_route=\/wp\/v2\/types\/post"}],"author":[{"embeddable":true,"href":"https:\/\/swissmig.unine.ch\/index.php?rest_route=\/wp\/v2\/users\/4"}],"replies":[{"embeddable":true,"href":"https:\/\/swissmig.unine.ch\/index.php?rest_route=%2Fwp%2Fv2%2Fcomments&post=1821"}],"version-history":[{"count":0,"href":"https:\/\/swissmig.unine.ch\/index.php?rest_route=\/wp\/v2\/posts\/1821\/revisions"}],"wp:attachment":[{"href":"https:\/\/swissmig.unine.ch\/index.php?rest_route=%2Fwp%2Fv2%2Fmedia&parent=1821"}],"wp:term":[{"taxonomy":"category","embeddable":true,"href":"https:\/\/swissmig.unine.ch\/index.php?rest_route=%2Fwp%2Fv2%2Fcategories&post=1821"},{"taxonomy":"post_tag","embeddable":true,"href":"https:\/\/swissmig.unine.ch\/index.php?rest_route=%2Fwp%2Fv2%2Ftags&post=1821"}],"curies":[{"name":"wp","href":"https:\/\/api.w.org\/{rel}","templated":true}]}}