{"id":1819,"date":"2018-01-09T13:15:40","date_gmt":"2018-01-09T12:15:40","guid":{"rendered":"https:\/\/swissmig.wordpress.com\/?p=1819"},"modified":"2018-01-09T13:15:40","modified_gmt":"2018-01-09T12:15:40","slug":"les-nouveaux-gastarbeiter-les-refugies-sur-le-marche-du-travail-suisse","status":"publish","type":"post","link":"https:\/\/swissmig.unine.ch\/?p=1819","title":{"rendered":"Les nouveaux \u00abGastarbeiter\u00bb? Les r\u00e9fugi\u00e9s sur le march\u00e9 du travail suisse"},"content":{"rendered":"<h3>Author(s) : Etienne Piguet, Andreas Wimmer<\/h3>\n<h3>Source : <a href=\"https:\/\/doi.org\/10.1007\/s12134-000-1003-7\" target=\"_blank\" rel=\"noopener\">https:\/\/doi.org\/10.1007\/s12134-000-1003-7<\/a><\/h3>\n<p><strong>Abstract: <\/strong><span id=\"more-1758\"><\/span><\/p>\n<blockquote>\n<section class=\"abstract\">\n<section id=\"Abs1\" class=\"Abstract\" lang=\"en\">\n<section id=\"Abs1\" class=\"Abstract\" lang=\"fr\">\n<p class=\"Para\">Avec environ 28,000 demandes d&#8217;asile par an en moyenne au cours des dix derni\u00e8res ann\u00e9es, la Suisse se situe parmi, les pays occidentaux connaissant la plus forte immigration de r\u00e9fugi\u00e9s. L&#8217;article propos\u00e9 ici tente de r\u00e9pondre \u00e0 deux questions: quel est le r\u00f4le jou\u00e9 par les r\u00e9fugi\u00e9s dans l&#8217;\u00e9conomie suisse? Quels sont les facteurs d\u00e9terminant leur insertion sur le march\u00e9 du travail? L&#8217;article se base d&#8217;une part sur l&#8217;analyse multivari\u00e9e d&#8217;une base de donn\u00e9es individuelles concernant plus de 110,000 personnes relevant de l&#8217;asile en Suisse, d&#8217;autre part sur des entretiens approfondis et 174 questionnaires aupr\u00e8s de r\u00e9fugi\u00e9s et d&#8217;employeurs.<\/p>\n<p class=\"Para\"><strong>Mots-clefs : <\/strong><span class=\"Keyword\">Suisse, <\/span><span class=\"Keyword\">march\u00e9 du travail, <\/span><span class=\"Keyword\">requ\u00e9rants d&#8217;asile, <\/span><span class=\"Keyword\">r\u00e9fugi\u00e9s, <\/span><span class=\"Keyword\">int\u00e9gration \u00e9conomique, <\/span><span class=\"Keyword\">discrimination ethnique\u00a0<\/span><\/p>\n<section id=\"Abs2\" class=\"Abstract\" lang=\"en\">\n<p class=\"Para\">With about 28,000 asylum requests a year since 1990, Switzerland is one of the western countries with the highest inflow of refugees. The aim of this article is to answer two questions: What is the role of refugees in the Swiss economy? and what are the factors influencing their incorporation into the labour market? The research is based on the multivariate analysis of an individual database of 110,000 asylum seekers and refugees, in-depth interviews and 174 questionnaires to refugees and employers.<\/p>\n<p class=\"Para\"><strong>Key words : <\/strong><span class=\"Keyword\">Switzerland, <\/span><span class=\"Keyword\">labour market, <\/span><span class=\"Keyword\">asylum seekers, <\/span><span class=\"Keyword\">refugees, <\/span><span class=\"Keyword\">economic integration, <\/span><span class=\"Keyword\">ethnic discrimination\u00a0<\/span><\/p>\n<\/section>\n<\/section>\n<\/section>\n<\/section>\n<\/blockquote>\n<div><\/div>\n<p>&nbsp;<\/p>\n","protected":false},"excerpt":{"rendered":"<p>Author(s) : Etienne Piguet, Andreas Wimmer Source : https:\/\/doi.org\/10.1007\/s12134-000-1003-7 Abstract:&#8230;<\/p>\n","protected":false},"author":4,"featured_media":0,"comment_status":"open","ping_status":"open","sticky":false,"template":"","format":"standard","meta":{"_kadence_starter_templates_imported_post":false,"_kad_post_transparent":"","_kad_post_title":"","_kad_post_layout":"","_kad_post_sidebar_id":"","_kad_post_content_style":"","_kad_post_vertical_padding":"","_kad_post_feature":"","_kad_post_feature_position":"","_kad_post_header":false,"_kad_post_footer":false,"_kad_post_classname":"","jetpack_post_was_ever_published":false,"_jetpack_newsletter_access":"","_jetpack_dont_email_post_to_subs":false,"_jetpack_newsletter_tier_id":0,"_jetpack_memberships_contains_paywalled_content":false,"_jetpack_memberships_contains_paid_content":false,"footnotes":""},"categories":[16],"tags":[241,7,50,176,52,98,19,103,143],"class_list":["post-1819","post","type-post","status-publish","format-standard","hentry","category-economics","tag-241","tag-article","tag-asylum-seekers","tag-economic-integration","tag-french-language","tag-immigration-policy","tag-labour-market","tag-refugees","tag-statistical-data"],"jetpack_featured_media_url":"","jetpack_sharing_enabled":true,"_links":{"self":[{"href":"https:\/\/swissmig.unine.ch\/index.php?rest_route=\/wp\/v2\/posts\/1819","targetHints":{"allow":["GET"]}}],"collection":[{"href":"https:\/\/swissmig.unine.ch\/index.php?rest_route=\/wp\/v2\/posts"}],"about":[{"href":"https:\/\/swissmig.unine.ch\/index.php?rest_route=\/wp\/v2\/types\/post"}],"author":[{"embeddable":true,"href":"https:\/\/swissmig.unine.ch\/index.php?rest_route=\/wp\/v2\/users\/4"}],"replies":[{"embeddable":true,"href":"https:\/\/swissmig.unine.ch\/index.php?rest_route=%2Fwp%2Fv2%2Fcomments&post=1819"}],"version-history":[{"count":0,"href":"https:\/\/swissmig.unine.ch\/index.php?rest_route=\/wp\/v2\/posts\/1819\/revisions"}],"wp:attachment":[{"href":"https:\/\/swissmig.unine.ch\/index.php?rest_route=%2Fwp%2Fv2%2Fmedia&parent=1819"}],"wp:term":[{"taxonomy":"category","embeddable":true,"href":"https:\/\/swissmig.unine.ch\/index.php?rest_route=%2Fwp%2Fv2%2Fcategories&post=1819"},{"taxonomy":"post_tag","embeddable":true,"href":"https:\/\/swissmig.unine.ch\/index.php?rest_route=%2Fwp%2Fv2%2Ftags&post=1819"}],"curies":[{"name":"wp","href":"https:\/\/api.w.org\/{rel}","templated":true}]}}