{"id":1817,"date":"2018-01-09T13:09:55","date_gmt":"2018-01-09T12:09:55","guid":{"rendered":"https:\/\/swissmig.wordpress.com\/?p=1817"},"modified":"2018-01-09T13:09:55","modified_gmt":"2018-01-09T12:09:55","slug":"travailleurs-etrangers-sur-le-marche-du-travail-suisse-quels-modes-dincorporation","status":"publish","type":"post","link":"https:\/\/swissmig.unine.ch\/?p=1817","title":{"rendered":"Travailleurs \u00c9trangers sur le March\u00e9 du Travail Suisse: Quels Modes D\u2019incorporation?"},"content":{"rendered":"<h3>Author(s) : Claudio Bolzman<\/h3>\n<h3>Source : <a href=\"https:\/\/doi.org\/10.1007\/s12134-007-0027-7\" target=\"_blank\" rel=\"noopener\">https:\/\/doi.org\/10.1007\/s12134-007-0027-7<\/a><\/h3>\n<p><strong>Abstract: <\/strong><span id=\"more-1758\"><\/span><\/p>\n<blockquote>\n<section class=\"abstract\">\n<section id=\"Abs1\" class=\"Abstract\" lang=\"en\">\n<p class=\"Para\">This article deals with the opportunities foreign workers have to participate in the job market on an equal footing in the state in which they reside. Using Switzerland as an example, we will pay particular attention to the possibility or not for qualified foreign workers to transfer their cultural capital (Bourdieu, <em class=\"EmphasisTypeItalic \">La distinction. Critique sociale du jugement<\/em>, Paris: Minuit, 1979) from their home to their new country, in other words to perform a job matching their level of training and which enables them to emphasize the professional qualification obtained in the past.<\/p>\n<p class=\"Para\"><strong>Keywords : <\/strong><span class=\"Keyword\">Qualified foreign workers, <\/span><span class=\"Keyword\">Professional requalification, <\/span><span class=\"Keyword\">Integration, <\/span><span class=\"Keyword\">Immigration policy\u00a0<\/span><\/p>\n<div class=\"ForeignLanguageHeader\">\n<section id=\"Abs2\" class=\"Abstract\" lang=\"fr\">\n<p class=\"Para\">Cet article s\u2019int\u00e9resse aux possibilit\u00e9s que les travailleurs \u00e9trangers ont de participer \u00e0 \u00e9galit\u00e9 des chances au march\u00e9 du travail de l\u2019Etat dans lequel ils r\u00e9sident. Nous porterons en particulier notre attention ici sur la possibilit\u00e9 ou non pour les travailleurs \u00e9trangers qualifi\u00e9s de transf\u00e9rer leur capital culturel (Bourdieu, <em class=\"EmphasisTypeItalic \">La distinction. Critique sociale du jugement<\/em>, Paris: Minuit, 1979) de la soci\u00e9t\u00e9 d\u2019origine \u00e0 la soci\u00e9t\u00e9 de r\u00e9sidence, autrement dit d\u2019exercer un m\u00e9tier qui correspond \u00e0 leur niveau de formation et qui leur permet de faire valoir leurs qualifications professionnelles acquises dans le pass\u00e9, en prenant comme exemple le cas de la Suisse.<\/p>\n<p class=\"Para\"><strong>Mots cl\u00e9s :<\/strong> <span class=\"Keyword\">Travailleurs \u00e9trangers qualifies, <\/span><span class=\"Keyword\">Qualification professionnelle, <\/span><span class=\"Keyword\">Int\u00e9gration, <\/span><span class=\"Keyword\">Politique d\u2019immigration\u00a0<\/span><\/p>\n<\/section>\n<\/div>\n<\/section>\n<\/section>\n<\/blockquote>\n<div><\/div>\n<p>&nbsp;<\/p>\n","protected":false},"excerpt":{"rendered":"<p>Author(s) : Claudio Bolzman Source : https:\/\/doi.org\/10.1007\/s12134-007-0027-7 Abstract: This article&#8230;<\/p>\n","protected":false},"author":4,"featured_media":0,"comment_status":"open","ping_status":"open","sticky":false,"template":"","format":"standard","meta":{"_kadence_starter_templates_imported_post":false,"_kad_post_transparent":"","_kad_post_title":"","_kad_post_layout":"","_kad_post_sidebar_id":"","_kad_post_content_style":"","_kad_post_vertical_padding":"","_kad_post_feature":"","_kad_post_feature_position":"","_kad_post_header":false,"_kad_post_footer":false,"_kad_post_classname":"","jetpack_post_was_ever_published":false,"_jetpack_newsletter_access":"","_jetpack_dont_email_post_to_subs":false,"_jetpack_newsletter_tier_id":0,"_jetpack_memberships_contains_paywalled_content":false,"_jetpack_memberships_contains_paid_content":false,"footnotes":""},"categories":[16],"tags":[169,7,176,52,98,19,403,384],"class_list":["post-1817","post","type-post","status-publish","format-standard","hentry","category-economics","tag-169","tag-article","tag-economic-integration","tag-french-language","tag-immigration-policy","tag-labour-market","tag-qualifications","tag-workers"],"jetpack_featured_media_url":"","jetpack_sharing_enabled":true,"_links":{"self":[{"href":"https:\/\/swissmig.unine.ch\/index.php?rest_route=\/wp\/v2\/posts\/1817","targetHints":{"allow":["GET"]}}],"collection":[{"href":"https:\/\/swissmig.unine.ch\/index.php?rest_route=\/wp\/v2\/posts"}],"about":[{"href":"https:\/\/swissmig.unine.ch\/index.php?rest_route=\/wp\/v2\/types\/post"}],"author":[{"embeddable":true,"href":"https:\/\/swissmig.unine.ch\/index.php?rest_route=\/wp\/v2\/users\/4"}],"replies":[{"embeddable":true,"href":"https:\/\/swissmig.unine.ch\/index.php?rest_route=%2Fwp%2Fv2%2Fcomments&post=1817"}],"version-history":[{"count":0,"href":"https:\/\/swissmig.unine.ch\/index.php?rest_route=\/wp\/v2\/posts\/1817\/revisions"}],"wp:attachment":[{"href":"https:\/\/swissmig.unine.ch\/index.php?rest_route=%2Fwp%2Fv2%2Fmedia&parent=1817"}],"wp:term":[{"taxonomy":"category","embeddable":true,"href":"https:\/\/swissmig.unine.ch\/index.php?rest_route=%2Fwp%2Fv2%2Fcategories&post=1817"},{"taxonomy":"post_tag","embeddable":true,"href":"https:\/\/swissmig.unine.ch\/index.php?rest_route=%2Fwp%2Fv2%2Ftags&post=1817"}],"curies":[{"name":"wp","href":"https:\/\/api.w.org\/{rel}","templated":true}]}}