{"id":17839,"date":"2020-09-14T08:00:00","date_gmt":"2020-09-14T07:00:00","guid":{"rendered":"https:\/\/swissmig.wordpress.com\/?p=17839"},"modified":"2020-09-14T08:00:00","modified_gmt":"2020-09-14T07:00:00","slug":"prevenir-lexcision-a-geneve-etude-appreciative-des-projets-cantonaux-genevois-de-prevention-contre-les-mutilations-genitales-feminines-2007-2009-et-2013-2015","status":"publish","type":"post","link":"https:\/\/swissmig.unine.ch\/?p=17839","title":{"rendered":"Pr\u00e9venir l\u2019excision \u00e0 Gen\u00e8ve : \u00e9tude appr\u00e9ciative des projets cantonaux genevois de pr\u00e9vention contre les mutilations g\u00e9nitales f\u00e9minines (2007-2009 et 2013-2015)"},"content":{"rendered":"<h3>Author(s) : Dina Bader, Denise Efionayi-M\u00e4der<\/h3>\n<h3>Source : <a href=\"https:\/\/libra.unine.ch\/handle\/123456789\/3194\" target=\"_blank\" rel=\"noopener\">https:\/\/libra.unine.ch\/handle\/123456789\/3194<\/a><\/h3>\n<p><strong>Abstract: <\/strong><!--more--><\/p>\n<blockquote>\n<div class=\"hlFld-Abstract\">\n<div class=\"abstractSection abstractInFull\">&#8220;L&#8217;excision \u2013 \u00e9galement appel\u00e9e &#8220;mutilation g\u00e9nitale f\u00e9minine&#8221; (MGF) \u2013 est un terme d\u00e9signant des pratiques non th\u00e9rapeutiques de modification des organes g\u00e9nitaux f\u00e9minins. Elles sont pratiqu\u00e9es dans de nombreux pays d&#8217;Afrique et d&#8217;Asie du Sud-Est et, avec les migrations, dans certaines diasporas des pays du Nord. Depuis les premiers appels f\u00e9ministes dans les ann\u00e9es 1970 \u00e0 abolir cette pratique majoritairement accomplie sur des filles mineures et pouvant entra\u00eener des cons\u00e9quences s\u00e9rieuses sur leur sant\u00e9, de nombreux pays dans le monde se sont dot\u00e9s d&#8217;une l\u00e9gislation interdisant cette pratique sur leur territoire. L&#8217;excision est condamn\u00e9e par des normes p\u00e9nales sur l&#8217;atteinte grave \u00e0 l&#8217;int\u00e9grit\u00e9 corporelle ou, comme en Suisse depuis 2012, par une loi<br \/>\nsp\u00e9cifique contre les mutilations g\u00e9nitales f\u00e9minines (ci-apr\u00e8s MGF). Malgr\u00e9 les efforts d\u00e9ploy\u00e9s \u00e0 l&#8217;\u00e9chelle internationale et locale pour enrayer cette pratique, l&#8217;UNICEF (2013) estime qu&#8217;aujourd&#8217;hui encore environ 200 millions de femmes et de filles vivent avec une excision ou risquent d&#8217;\u00eatre excis\u00e9es. Dans ce contexte, le canton de Gen\u00e8ve, par le biais de ses institutions et d&#8217;associations locales, s&#8217;est int\u00e9ress\u00e9 \u00e0 la probl\u00e9matique et a men\u00e9 diverses actions aupr\u00e8s des populations immigr\u00e9es concern\u00e9es, sachant que les femmes et filles excis\u00e9es ou risquant de l&#8217;\u00eatre vivent majoritairement en Suisse romande (UNICEF, 2005). Suite \u00e0 une motion parlementaire contre l&#8217;excision (M 1694) d\u00e9pos\u00e9e en 2006, le Conseil d&#8217;Etat genevois a d\u00e9clar\u00e9 sa volont\u00e9 de mener des projets de pr\u00e9vention visant \u00e0 informer et \u00e0 sensibiliser non seulement les populations immigr\u00e9es concern\u00e9es mais \u00e9galement les professionnel\u00b7le\u00b7s qui, dans le cadre de leur activit\u00e9, peuvent \u00eatre amen\u00e9\u2219e\u2219s \u00e0 faire de la pr\u00e9vention ou \u00e0 prendre en charge des personnes excis\u00e9es.&#8221;<\/div>\n<div><\/div>\n<div><strong>Keywords: <\/strong>children, genital mutilation, SFM Studies, health policy, human rights violations, preventive medecine, women, migrants, law<\/div>\n<\/div>\n<\/blockquote>\n<div><\/div>\n","protected":false},"excerpt":{"rendered":"<p>Author(s) : Dina Bader, Denise Efionayi-M\u00e4der Source : https:\/\/libra.unine.ch\/handle\/123456789\/3194 Abstract:<\/p>\n","protected":false},"author":4,"featured_media":0,"comment_status":"open","ping_status":"open","sticky":false,"template":"","format":"standard","meta":{"_kadence_starter_templates_imported_post":false,"_kad_post_transparent":"","_kad_post_title":"","_kad_post_layout":"","_kad_post_sidebar_id":"","_kad_post_content_style":"","_kad_post_vertical_padding":"","_kad_post_feature":"","_kad_post_feature_position":"","_kad_post_header":false,"_kad_post_footer":false,"_kad_post_classname":"","jetpack_post_was_ever_published":false,"_jetpack_newsletter_access":"","_jetpack_dont_email_post_to_subs":false,"_jetpack_newsletter_tier_id":0,"_jetpack_memberships_contains_paywalled_content":false,"_jetpack_memberships_contains_paid_content":false,"footnotes":""},"categories":[59],"tags":[285,318,52,341,352,127,271,129,122,442,480,249,645,201,118],"class_list":["post-17839","post","type-post","status-publish","format-standard","hentry","category-health","tag-285","tag-children","tag-french-language","tag-geneva","tag-genital-mutilation","tag-health-policy","tag-human-rights-violations","tag-law","tag-migrants","tag-preventive-medicine","tag-public-health","tag-report","tag-sfm-studies","tag-women","tag-youth"],"jetpack_featured_media_url":"","jetpack_sharing_enabled":true,"_links":{"self":[{"href":"https:\/\/swissmig.unine.ch\/index.php?rest_route=\/wp\/v2\/posts\/17839","targetHints":{"allow":["GET"]}}],"collection":[{"href":"https:\/\/swissmig.unine.ch\/index.php?rest_route=\/wp\/v2\/posts"}],"about":[{"href":"https:\/\/swissmig.unine.ch\/index.php?rest_route=\/wp\/v2\/types\/post"}],"author":[{"embeddable":true,"href":"https:\/\/swissmig.unine.ch\/index.php?rest_route=\/wp\/v2\/users\/4"}],"replies":[{"embeddable":true,"href":"https:\/\/swissmig.unine.ch\/index.php?rest_route=%2Fwp%2Fv2%2Fcomments&post=17839"}],"version-history":[{"count":0,"href":"https:\/\/swissmig.unine.ch\/index.php?rest_route=\/wp\/v2\/posts\/17839\/revisions"}],"wp:attachment":[{"href":"https:\/\/swissmig.unine.ch\/index.php?rest_route=%2Fwp%2Fv2%2Fmedia&parent=17839"}],"wp:term":[{"taxonomy":"category","embeddable":true,"href":"https:\/\/swissmig.unine.ch\/index.php?rest_route=%2Fwp%2Fv2%2Fcategories&post=17839"},{"taxonomy":"post_tag","embeddable":true,"href":"https:\/\/swissmig.unine.ch\/index.php?rest_route=%2Fwp%2Fv2%2Ftags&post=17839"}],"curies":[{"name":"wp","href":"https:\/\/api.w.org\/{rel}","templated":true}]}}