{"id":1770,"date":"2018-01-05T14:48:16","date_gmt":"2018-01-05T13:48:16","guid":{"rendered":"https:\/\/swissmig.wordpress.com\/?p=1770"},"modified":"2018-01-05T14:48:16","modified_gmt":"2018-01-05T13:48:16","slug":"good-practice-katalog-vielversprechende-ansatze-der-unterbringung-und-betreuung-von-unbegleiteten-minderjahrigen-in-der-schweiz-catalogue-de-bonnes-pratiques-initiatives-prometteuses-pour-la-pri","status":"publish","type":"post","link":"https:\/\/swissmig.unine.ch\/?p=1770","title":{"rendered":"Good-Practice-Katalog: Vielversprechende Ans\u00e4tze der Unterbringung und Betreuung von unbegleiteten Minderj\u00e4hrigen in der Schweiz = Catalogue de bonnes pratiques: initiatives  prometteuses pour  la prise en charge des mineur-e-s non accompagn\u00e9-e-s en Suisse"},"content":{"rendered":"<h3>Author(s) : Internationale Sozialdienst &#8211; Schweiz \/ Service social international &#8211; Suisse<\/h3>\n<h3>Source : <a href=\"https:\/\/www.ssi-schweiz.org\/sites\/default\/files\/2017-07\/SSI_Good%20Practice%20Katalog_DE-FR.pdf\" target=\"_blank\" rel=\"noopener\">https:\/\/www.ssi-schweiz.org\/sites\/default\/files\/2017-07\/SSI_Good%20Practice%20Katalog_DE-FR.pdf<\/a><\/h3>\n<h3>Source : <a href=\"https:\/\/www.ssi-suisse.org\/sites\/default\/files\/2017-07\/SSI_2017_Catalogue%20de%20Bonnes%20Pratiques_FR_de.pdf\" target=\"_blank\" rel=\"noopener\">https:\/\/www.ssi-suisse.org\/sites\/default\/files\/2017-07\/SSI_2017_Catalogue%20de%20Bonnes%20Pratiques_FR_de.pdf<\/a><\/h3>\n<p><strong>Abstract: <\/strong><span id=\"more-1758\"><\/span><\/p>\n<blockquote>\n<div>Aufgrund der andauernden Konflikte und Repressionen in verschiedenen Teilen der Welt werden viele junge Menschen ihrer Zukunftsperspektiven beraubt und verlassen ihr Heimatland. Dies ist auch in der Schweiz nicht ohne Auswirkungen geblieben: So ist die Zahl der Asylgesuchen von unbegleiteten Minderj\u00e4hrigen (MNA) von 200 (2008) auf 800 (2014) und schliesslich auf knapp 2000 (2016) angestiegen. Proportional zur Einwohnerzahl werden die MNA vom Bund gem\u00e4ss dem Asylschl\u00fcssel auf alle Kantone verteilt. Viele Kantone waren auf die Unterbringung und Betreuung einer gr\u00f6sseren Anzahl MNA jedoch nicht vorbereitet. Deshalb waren sie seit 2014 mit der grossen Herausforderung konfrontiert, Wohn-, Betreuungs- und Bildungskonzepte f\u00fcr MNA zu konzipieren.<\/div>\n<div><\/div>\n<div>\n<div>Du fait des r\u00e9pressions et des conflits persistants dans diff\u00e9rentes r\u00e9gions du monde, de nombreux jeunes se voient priv\u00e9s de perspectives d\u2019avenir et quittent leur pays natal. Cette situation n\u2019est pas rest\u00e9e sans effet sur la Suisse: le nombre de demandes d\u2019asile d\u00e9pos\u00e9es par des mineur-e-s non accompagn\u00e9-e-s (MNA) est pass\u00e9 de 200 (2008) \u00e0 800 (2014), avant d\u2019atteindre pr\u00e8s de 2000 demandes en 2016. La Conf\u00e9d\u00e9ration r\u00e9partit les MNA dans tous les cantons selon la cl\u00e9 de r\u00e9partition des requ\u00e9rants d\u2019asile, proportionnellement \u00e0 leur nombre d\u2019habitants. De nombreux cantons n\u2019\u00e9taient toutefois pas pr\u00e9par\u00e9s \u00e0 h\u00e9berger et encadrer un nombre aussi cons\u00e9quent de MNA. Depuis 2014, ils ont donc \u00e9t\u00e9 confront\u00e9s aux d\u00e9fis majeurs de logement, d\u2019encadrement et de formation des MNA.<\/div>\n<\/div>\n<\/blockquote>\n<div><\/div>\n<p>&nbsp;<\/p>\n","protected":false},"excerpt":{"rendered":"<p>Author(s) : Internationale Sozialdienst &#8211; Schweiz \/ Service social international&#8230;<\/p>\n","protected":false},"author":4,"featured_media":0,"comment_status":"open","ping_status":"open","sticky":false,"template":"","format":"standard","meta":{"_kadence_starter_templates_imported_post":false,"_kad_post_transparent":"","_kad_post_title":"","_kad_post_layout":"","_kad_post_sidebar_id":"","_kad_post_content_style":"","_kad_post_vertical_padding":"","_kad_post_feature":"","_kad_post_feature_position":"","_kad_post_header":false,"_kad_post_footer":false,"_kad_post_classname":"","jetpack_post_was_ever_published":false,"_jetpack_newsletter_access":"","_jetpack_dont_email_post_to_subs":false,"_jetpack_newsletter_tier_id":0,"_jetpack_memberships_contains_paywalled_content":false,"_jetpack_memberships_contains_paid_content":false,"footnotes":""},"categories":[24],"tags":[48,273,52,73,133,249,117,91,312,64,118],"class_list":["post-1770","post","type-post","status-publish","format-standard","hentry","category-society-family-racism","tag-48","tag-cantons","tag-french-language","tag-german-language","tag-immigrant-policy","tag-report","tag-school-integration","tag-social-integration","tag-social-work","tag-unaccompanied-minors","tag-youth"],"jetpack_featured_media_url":"","jetpack_sharing_enabled":true,"_links":{"self":[{"href":"https:\/\/swissmig.unine.ch\/index.php?rest_route=\/wp\/v2\/posts\/1770","targetHints":{"allow":["GET"]}}],"collection":[{"href":"https:\/\/swissmig.unine.ch\/index.php?rest_route=\/wp\/v2\/posts"}],"about":[{"href":"https:\/\/swissmig.unine.ch\/index.php?rest_route=\/wp\/v2\/types\/post"}],"author":[{"embeddable":true,"href":"https:\/\/swissmig.unine.ch\/index.php?rest_route=\/wp\/v2\/users\/4"}],"replies":[{"embeddable":true,"href":"https:\/\/swissmig.unine.ch\/index.php?rest_route=%2Fwp%2Fv2%2Fcomments&post=1770"}],"version-history":[{"count":0,"href":"https:\/\/swissmig.unine.ch\/index.php?rest_route=\/wp\/v2\/posts\/1770\/revisions"}],"wp:attachment":[{"href":"https:\/\/swissmig.unine.ch\/index.php?rest_route=%2Fwp%2Fv2%2Fmedia&parent=1770"}],"wp:term":[{"taxonomy":"category","embeddable":true,"href":"https:\/\/swissmig.unine.ch\/index.php?rest_route=%2Fwp%2Fv2%2Fcategories&post=1770"},{"taxonomy":"post_tag","embeddable":true,"href":"https:\/\/swissmig.unine.ch\/index.php?rest_route=%2Fwp%2Fv2%2Ftags&post=1770"}],"curies":[{"name":"wp","href":"https:\/\/api.w.org\/{rel}","templated":true}]}}