{"id":1762,"date":"2017-12-22T12:22:56","date_gmt":"2017-12-22T11:22:56","guid":{"rendered":"https:\/\/swissmig.wordpress.com\/?p=1762"},"modified":"2025-11-21T08:41:01","modified_gmt":"2025-11-21T07:41:01","slug":"a-lombre-et-sans-lendemain-role-du-monde-associatif-aupres-des-femmes-latino-americaines-sans-autorisation-de-sejour","status":"publish","type":"post","link":"https:\/\/swissmig.unine.ch\/?p=1762","title":{"rendered":"A l\u2019ombre et sans lendemain : r\u00f4le du monde associatif aupr\u00e8s des femmes latino-am\u00e9ricaines sans autorisation de s\u00e9jour"},"content":{"rendered":"<h3>Author(s) : Nathalie <span class=\"familyName\">Ljuslin<\/span>, Sof\u00eda <span class=\"familyName\">Guaraguara,<\/span> Irina <span class=\"familyName\">Speranza<\/span><\/h3>\n<h3>Source : <a href=\"http:\/\/books.openedition.org\/ies\/546\" target=\"_blank\" rel=\"noopener\">http:\/\/books.openedition.org\/ies\/546<\/a><\/h3>\n<p><strong>Abstract N\/A<br \/>\n<\/strong><\/p>\n<p>&nbsp;<\/p>\n","protected":false},"excerpt":{"rendered":"<p>Author(s) : Nathalie Ljuslin, Sof\u00eda Guaraguara, Irina Speranza Source :&#8230;<\/p>\n","protected":false},"author":4,"featured_media":0,"comment_status":"open","ping_status":"open","sticky":false,"template":"","format":"standard","meta":{"_kadence_starter_templates_imported_post":false,"_kad_post_transparent":"","_kad_post_title":"","_kad_post_layout":"","_kad_post_sidebar_id":"","_kad_post_content_style":"","_kad_post_vertical_padding":"","_kad_post_feature":"","_kad_post_feature_position":"","_kad_post_header":false,"_kad_post_footer":false,"_kad_post_classname":"","jetpack_post_was_ever_published":false,"_jetpack_newsletter_access":"","_jetpack_dont_email_post_to_subs":false,"_jetpack_newsletter_tier_id":0,"_jetpack_memberships_contains_paywalled_content":false,"_jetpack_memberships_contains_paid_content":false,"footnotes":""},"categories":[12],"tags":[169,119,32,52,294,261,166,201],"class_list":["post-1762","post","type-post","status-publish","format-standard","hentry","category-politics","tag-169","tag-associations","tag-book-chapter","tag-french-language","tag-irregular-migration","tag-latin-americans","tag-residence-permits","tag-women"],"jetpack_featured_media_url":"","jetpack_sharing_enabled":true,"_links":{"self":[{"href":"https:\/\/swissmig.unine.ch\/index.php?rest_route=\/wp\/v2\/posts\/1762","targetHints":{"allow":["GET"]}}],"collection":[{"href":"https:\/\/swissmig.unine.ch\/index.php?rest_route=\/wp\/v2\/posts"}],"about":[{"href":"https:\/\/swissmig.unine.ch\/index.php?rest_route=\/wp\/v2\/types\/post"}],"author":[{"embeddable":true,"href":"https:\/\/swissmig.unine.ch\/index.php?rest_route=\/wp\/v2\/users\/4"}],"replies":[{"embeddable":true,"href":"https:\/\/swissmig.unine.ch\/index.php?rest_route=%2Fwp%2Fv2%2Fcomments&post=1762"}],"version-history":[{"count":1,"href":"https:\/\/swissmig.unine.ch\/index.php?rest_route=\/wp\/v2\/posts\/1762\/revisions"}],"predecessor-version":[{"id":38224,"href":"https:\/\/swissmig.unine.ch\/index.php?rest_route=\/wp\/v2\/posts\/1762\/revisions\/38224"}],"wp:attachment":[{"href":"https:\/\/swissmig.unine.ch\/index.php?rest_route=%2Fwp%2Fv2%2Fmedia&parent=1762"}],"wp:term":[{"taxonomy":"category","embeddable":true,"href":"https:\/\/swissmig.unine.ch\/index.php?rest_route=%2Fwp%2Fv2%2Fcategories&post=1762"},{"taxonomy":"post_tag","embeddable":true,"href":"https:\/\/swissmig.unine.ch\/index.php?rest_route=%2Fwp%2Fv2%2Ftags&post=1762"}],"curies":[{"name":"wp","href":"https:\/\/api.w.org\/{rel}","templated":true}]}}