{"id":1756,"date":"2017-12-20T12:48:02","date_gmt":"2017-12-20T11:48:02","guid":{"rendered":"https:\/\/swissmig.wordpress.com\/?p=1756"},"modified":"2017-12-20T12:48:02","modified_gmt":"2017-12-20T11:48:02","slug":"decouvrir-son-pays-primomigrants-suisses-en-provenance-damerique-latine-une-typologie","status":"publish","type":"post","link":"https:\/\/swissmig.unine.ch\/?p=1756","title":{"rendered":"D\u00e9couvrir son pays : primomigrants suisses en provenance d\u2019Am\u00e9rique latine : Une typologie"},"content":{"rendered":"<h3>Author(s) : Claudio Bolzman, Myrian Carbajal, Giuditta Mainardi<\/h3>\n<h3>Source : <a href=\"http:\/\/books.openedition.org\/ies\/525\" target=\"_blank\" rel=\"noopener\">http:\/\/books.openedition.org\/ies\/525<\/a><\/h3>\n<p><strong>Abstract: <\/strong><!--more--><\/p>\n<blockquote><p>Qu\u2019une personne de nationalit\u00e9 suisse r\u00e9side en Suisse, cela semble aller de soi. Et pourtant, pour les individus dont traite cet article, cette situation est loin d\u2019\u00eatre \u00e9vidente. Nous nous int\u00e9ressons en effet \u00e0 des personnes qui poss\u00e8dent un passeport \u00e0 croix blanche mais qui ont v\u00e9cu toute leur vie en Am\u00e9rique latine. L\u2019\u00e9migration vers la Conf\u00e9d\u00e9ration repr\u00e9sente pour elles la d\u00e9couverte d\u2019un nouveau pays, qui a la particularit\u00e9 d\u2019\u00eatre leur pays. Cette situation n\u2019est pas exceptionnelle. De nombreux suisses ont quitt\u00e9 leur patrie vers la fin du XIX<sup>e<\/sup> si\u00e8cle et pendant la premi\u00e8re moiti\u00e9 du XX<sup>e<\/sup> si\u00e8cle en qu\u00eate de meilleurs horizons, lorsque la situation socio-\u00e9conomique \u00e9tait particuli\u00e8rement difficile dans ce pays. L\u2019une des destinations privil\u00e9gi\u00e9es a \u00e9t\u00e9 le continent am\u00e9ricain. Ils sont partis non seulement vers les Etats-Unis, mais \u00e9galement vers l\u2019Am\u00e9rique latine (Arlettaz, 1975, Carron, 1986).<\/p><\/blockquote>\n<p>&nbsp;<\/p>\n","protected":false},"excerpt":{"rendered":"<p>Author(s) : Claudio Bolzman, Myrian Carbajal, Giuditta Mainardi Source :&#8230;<\/p>\n","protected":false},"author":4,"featured_media":0,"comment_status":"open","ping_status":"open","sticky":false,"template":"","format":"standard","meta":{"_kadence_starter_templates_imported_post":false,"_kad_post_transparent":"","_kad_post_title":"","_kad_post_layout":"","_kad_post_sidebar_id":"","_kad_post_content_style":"","_kad_post_vertical_padding":"","_kad_post_feature":"","_kad_post_feature_position":"","_kad_post_header":false,"_kad_post_footer":false,"_kad_post_classname":"","jetpack_post_was_ever_published":false,"_jetpack_newsletter_access":"","_jetpack_dont_email_post_to_subs":false,"_jetpack_newsletter_tier_id":0,"_jetpack_memberships_contains_paywalled_content":false,"_jetpack_memberships_contains_paid_content":false,"footnotes":""},"categories":[43],"tags":[48,32,322,151,52,55,87,261,138,205,91],"class_list":["post-1756","post","type-post","status-publish","format-standard","hentry","category-the-migration-phenomenon","tag-48","tag-book-chapter","tag-causes-of-migration","tag-cultural-identity","tag-french-language","tag-high-skilled-immigrants","tag-history","tag-latin-americans","tag-migration-motives","tag-national-identity","tag-social-integration"],"jetpack_featured_media_url":"","jetpack_sharing_enabled":true,"_links":{"self":[{"href":"https:\/\/swissmig.unine.ch\/index.php?rest_route=\/wp\/v2\/posts\/1756","targetHints":{"allow":["GET"]}}],"collection":[{"href":"https:\/\/swissmig.unine.ch\/index.php?rest_route=\/wp\/v2\/posts"}],"about":[{"href":"https:\/\/swissmig.unine.ch\/index.php?rest_route=\/wp\/v2\/types\/post"}],"author":[{"embeddable":true,"href":"https:\/\/swissmig.unine.ch\/index.php?rest_route=\/wp\/v2\/users\/4"}],"replies":[{"embeddable":true,"href":"https:\/\/swissmig.unine.ch\/index.php?rest_route=%2Fwp%2Fv2%2Fcomments&post=1756"}],"version-history":[{"count":0,"href":"https:\/\/swissmig.unine.ch\/index.php?rest_route=\/wp\/v2\/posts\/1756\/revisions"}],"wp:attachment":[{"href":"https:\/\/swissmig.unine.ch\/index.php?rest_route=%2Fwp%2Fv2%2Fmedia&parent=1756"}],"wp:term":[{"taxonomy":"category","embeddable":true,"href":"https:\/\/swissmig.unine.ch\/index.php?rest_route=%2Fwp%2Fv2%2Fcategories&post=1756"},{"taxonomy":"post_tag","embeddable":true,"href":"https:\/\/swissmig.unine.ch\/index.php?rest_route=%2Fwp%2Fv2%2Ftags&post=1756"}],"curies":[{"name":"wp","href":"https:\/\/api.w.org\/{rel}","templated":true}]}}