{"id":1748,"date":"2017-12-19T16:00:43","date_gmt":"2017-12-19T15:00:43","guid":{"rendered":"https:\/\/swissmig.wordpress.com\/?p=1748"},"modified":"2017-12-19T16:00:43","modified_gmt":"2017-12-19T15:00:43","slug":"soigner-les-etrangers-en-situation-irreguliere-des-politiques-migratoires-aux-postures-professionnelles","status":"publish","type":"post","link":"https:\/\/swissmig.unine.ch\/?p=1748","title":{"rendered":"Soigner les \u00e9trangers en situation irr\u00e9guli\u00e8re: des politiques migratoires aux postures professionnelles"},"content":{"rendered":"<h3>Author(s) : Myriam Hachimi Alaoui, Alexandra Nacu<\/h3>\n<h3>Source : <a href=\"http:\/\/journals.openedition.org\/hommesmigrations\/1263\" target=\"_blank\" rel=\"noopener\">http:\/\/journals.openedition.org\/hommesmigrations\/1263<\/a><\/h3>\n<p><strong>Abstract: <\/strong><!--more--><\/p>\n<blockquote><p>En Europe, dans un contexte de durcissement g\u00e9n\u00e9ralis\u00e9 des contr\u00f4les en mati\u00e8re d\u2019immigration clandestine, les \u00e9trangers en situation irr\u00e9guli\u00e8re peinent \u00e0 acc\u00e9der aux soins. Pris entre l\u2019urgence humanitaire que suscite leur condition et l\u2019arsenal juridique d\u00e9ploy\u00e9 par les \u00c9tats vis-\u00e0-vis des sans-papiers, l\u2019exercice de leur droit \u00e0 la sant\u00e9 d\u00e9pend en grande partie de la rigueur et du d\u00e9vouement des personnels de soins. En France, en Grande-Bretagne et en Suisse, enqu\u00eate sur les dilemmes du corps m\u00e9dical dans son face-\u00e0-face avec les exigences du droit.<\/p><\/blockquote>\n<p>&nbsp;<\/p>\n","protected":false},"excerpt":{"rendered":"<p>Author(s) : Myriam Hachimi Alaoui, Alexandra Nacu Source : http:\/\/journals.openedition.org\/hommesmigrations\/1263&#8230;<\/p>\n","protected":false},"author":4,"featured_media":0,"comment_status":"open","ping_status":"open","sticky":false,"template":"","format":"standard","meta":{"_kadence_starter_templates_imported_post":false,"_kad_post_transparent":"","_kad_post_title":"","_kad_post_layout":"","_kad_post_sidebar_id":"","_kad_post_content_style":"","_kad_post_vertical_padding":"","_kad_post_feature":"","_kad_post_feature_position":"","_kad_post_header":false,"_kad_post_footer":false,"_kad_post_classname":"","jetpack_post_was_ever_published":false,"_jetpack_newsletter_access":"","_jetpack_dont_email_post_to_subs":false,"_jetpack_newsletter_tier_id":0,"_jetpack_memberships_contains_paywalled_content":false,"_jetpack_memberships_contains_paid_content":false,"footnotes":""},"categories":[59],"tags":[131,7,57,197,52,157,350,127,128,98,129,262,382],"class_list":["post-1748","post","type-post","status-publish","format-standard","hentry","category-health","tag-131","tag-article","tag-comparative-analysis","tag-france","tag-french-language","tag-health-care","tag-health-inequalities","tag-health-policy","tag-human-rights","tag-immigration-policy","tag-law","tag-undocumented-immigrants","tag-united-kingdom"],"jetpack_featured_media_url":"","jetpack_sharing_enabled":true,"_links":{"self":[{"href":"https:\/\/swissmig.unine.ch\/index.php?rest_route=\/wp\/v2\/posts\/1748","targetHints":{"allow":["GET"]}}],"collection":[{"href":"https:\/\/swissmig.unine.ch\/index.php?rest_route=\/wp\/v2\/posts"}],"about":[{"href":"https:\/\/swissmig.unine.ch\/index.php?rest_route=\/wp\/v2\/types\/post"}],"author":[{"embeddable":true,"href":"https:\/\/swissmig.unine.ch\/index.php?rest_route=\/wp\/v2\/users\/4"}],"replies":[{"embeddable":true,"href":"https:\/\/swissmig.unine.ch\/index.php?rest_route=%2Fwp%2Fv2%2Fcomments&post=1748"}],"version-history":[{"count":0,"href":"https:\/\/swissmig.unine.ch\/index.php?rest_route=\/wp\/v2\/posts\/1748\/revisions"}],"wp:attachment":[{"href":"https:\/\/swissmig.unine.ch\/index.php?rest_route=%2Fwp%2Fv2%2Fmedia&parent=1748"}],"wp:term":[{"taxonomy":"category","embeddable":true,"href":"https:\/\/swissmig.unine.ch\/index.php?rest_route=%2Fwp%2Fv2%2Fcategories&post=1748"},{"taxonomy":"post_tag","embeddable":true,"href":"https:\/\/swissmig.unine.ch\/index.php?rest_route=%2Fwp%2Fv2%2Ftags&post=1748"}],"curies":[{"name":"wp","href":"https:\/\/api.w.org\/{rel}","templated":true}]}}