{"id":1734,"date":"2017-12-17T23:02:41","date_gmt":"2017-12-17T22:02:41","guid":{"rendered":"https:\/\/swissmig.wordpress.com\/?p=1734"},"modified":"2017-12-17T23:02:41","modified_gmt":"2017-12-17T22:02:41","slug":"migrations-genre-et-frontieres-frontieres-de-genre","status":"publish","type":"post","link":"https:\/\/swissmig.unine.ch\/?p=1734","title":{"rendered":"Migrations : genre et fronti\u00e8res \u2013 fronti\u00e8res de genre"},"content":{"rendered":"<h3>Author(s) : Janine Dahinden, Magdalena Rosende, Natalie Benelli, Magaly Hanselmann, Karine Lempen<\/h3>\n<h3>Source : <a href=\"http:\/\/www.cairn.info\/resume.php?ID_ARTICLE=NQF_261_0004\" target=\"_blank\" rel=\"noopener\">http:\/\/www.cairn.info\/resume.php?ID_ARTICLE=NQF_261_0004<\/a><\/h3>\n<p><strong>Abstract: <\/strong><!--more--><\/p>\n<blockquote><p>Ce num\u00e9ro de Nouvelles Questions F\u00e9ministes aborde la probl\u00e9matique<br \/>\ndes migrations dans une perspective de genre \u00e0 partir de<br \/>\nrecherches men\u00e9es en Suisse. Dans ce pays, les travaux traitant des<br \/>\nmigrations sont rares et r\u00e9cents et souvent peu connus dans le monde<br \/>\nfrancophone. Comme dans la plupart des pays du continent europ\u00e9en,<br \/>\nles migrations n\u2019ont pas retenu l\u2019attention des chercheur\u00b7e\u00b7s en Suisse<br \/>\njusqu\u2019\u00e0 il y a quelques ann\u00e9es (Fibbi et Ogden, 1989). Quant au r\u00f4le du<br \/>\ngenre dans la configuration des processus migratoires, force est de<br \/>\nconstater que cette perspective est le parent pauvre de la production<br \/>\nscientifique. \u00c0 l\u2019exception de quelques \u00e9tudes pionni\u00e8res qui \u00e9voquent<br \/>\nla situation sp\u00e9cifique des migrantes (voir par exemple Braun, 1970),<br \/>\nil faut attendre les deux derni\u00e8res d\u00e9cennies du XXe si\u00e8cle pour que des<br \/>\nrecherches portent ex plicitement sur les femmes dans les migrations<br \/>\n(Fibbi, 1995 ; Prodolliet, 1995). Ces \u00e9tudes permettent certes de mieux<br \/>\nconna\u00eetre les conditions de migration que les femmes vivent et af &#8211;<br \/>\nfrontent, mais il reste beaucoup \u00e0 faire pour comprendre et montrer<br \/>\ncomment les migrations contribuent \u00e0 la production de la division et de<br \/>\nla hi\u00e9rarchie des sexes, et inversement comment le genre influence les<br \/>\nprocessus migratoires. En r\u00e9unissant des articles fond\u00e9s sur des \u00e9tudes<br \/>\nmen\u00e9es en Suisse et int\u00e9ress\u00e9s par la dimension sexu\u00e9e des ph\u00e9nom\u00e8nes<br \/>\nmigratoires, notre objectif est de pointer des pistes pour de futures<br \/>\nrecherches sur cette th\u00e9matique. Ce num\u00e9ro fait ainsi \u00e9cho \u00e0 des publications<br \/>\nfrancophones r\u00e9centes (Zaidman, 2000 ; Hersent et Zaidman,<br \/>\n2003 ; Verschuur et Reysoo, 2005 1).<\/p><\/blockquote>\n<p>&nbsp;<\/p>\n","protected":false},"excerpt":{"rendered":"<p>Author(s) : Janine Dahinden, Magdalena Rosende, Natalie Benelli, Magaly Hanselmann,&#8230;<\/p>\n","protected":false},"author":4,"featured_media":0,"comment_status":"open","ping_status":"open","sticky":false,"template":"","format":"standard","meta":{"_kadence_starter_templates_imported_post":false,"_kad_post_transparent":"","_kad_post_title":"","_kad_post_layout":"","_kad_post_sidebar_id":"","_kad_post_content_style":"","_kad_post_vertical_padding":"","_kad_post_feature":"","_kad_post_feature_position":"","_kad_post_header":false,"_kad_post_footer":false,"_kad_post_classname":"","jetpack_post_was_ever_published":false,"_jetpack_newsletter_access":"","_jetpack_dont_email_post_to_subs":false,"_jetpack_newsletter_tier_id":0,"_jetpack_memberships_contains_paywalled_content":false,"_jetpack_memberships_contains_paid_content":false,"footnotes":""},"categories":[24],"tags":[169,7,52,148,87,66,327,201],"class_list":["post-1734","post","type-post","status-publish","format-standard","hentry","category-society-family-racism","tag-169","tag-article","tag-french-language","tag-gender","tag-history","tag-migration","tag-research","tag-women"],"jetpack_featured_media_url":"","jetpack_sharing_enabled":true,"_links":{"self":[{"href":"https:\/\/swissmig.unine.ch\/index.php?rest_route=\/wp\/v2\/posts\/1734","targetHints":{"allow":["GET"]}}],"collection":[{"href":"https:\/\/swissmig.unine.ch\/index.php?rest_route=\/wp\/v2\/posts"}],"about":[{"href":"https:\/\/swissmig.unine.ch\/index.php?rest_route=\/wp\/v2\/types\/post"}],"author":[{"embeddable":true,"href":"https:\/\/swissmig.unine.ch\/index.php?rest_route=\/wp\/v2\/users\/4"}],"replies":[{"embeddable":true,"href":"https:\/\/swissmig.unine.ch\/index.php?rest_route=%2Fwp%2Fv2%2Fcomments&post=1734"}],"version-history":[{"count":0,"href":"https:\/\/swissmig.unine.ch\/index.php?rest_route=\/wp\/v2\/posts\/1734\/revisions"}],"wp:attachment":[{"href":"https:\/\/swissmig.unine.ch\/index.php?rest_route=%2Fwp%2Fv2%2Fmedia&parent=1734"}],"wp:term":[{"taxonomy":"category","embeddable":true,"href":"https:\/\/swissmig.unine.ch\/index.php?rest_route=%2Fwp%2Fv2%2Fcategories&post=1734"},{"taxonomy":"post_tag","embeddable":true,"href":"https:\/\/swissmig.unine.ch\/index.php?rest_route=%2Fwp%2Fv2%2Ftags&post=1734"}],"curies":[{"name":"wp","href":"https:\/\/api.w.org\/{rel}","templated":true}]}}