{"id":1731,"date":"2017-12-17T22:39:17","date_gmt":"2017-12-17T21:39:17","guid":{"rendered":"https:\/\/swissmig.wordpress.com\/?p=1731"},"modified":"2017-12-17T22:39:17","modified_gmt":"2017-12-17T21:39:17","slug":"migrations-recherches-ethnologiques-et-transformations-sociales-en-suisse","status":"publish","type":"post","link":"https:\/\/swissmig.unine.ch\/?p=1731","title":{"rendered":"Migrations, recherches ethnologiques et transformations sociales en Suisse"},"content":{"rendered":"<h3>Author(s) : Hans-Rudolf Wicker<\/h3>\n<h3>Source : <a href=\"http:\/\/www.cairn.info\/resume.php?ID_ARTICLE=ETHN_022_0243\" target=\"_blank\" rel=\"noopener\">http:\/\/www.cairn.info\/resume.php?ID_ARTICLE=ETHN_022_0243<\/a><\/h3>\n<p><strong>Abstract: <\/strong><!--more--><\/p>\n<blockquote><p>Les ethnologues ne s\u2019int\u00e9ressent aux migrations que depuis le milieu des ann\u00e9es quatre-vingt. \u00c0 l\u2019aide de th\u00e9ories postclassiques et poststructuralistes ils ont analys\u00e9 les probl\u00e8mes qui se posent \u00e0 la soci\u00e9t\u00e9 suisse en raison de la diminution de l\u2019immigration classique de travailleurs et du passage \u00e0 des formes postclassiques de migration. Les probl\u00e8mes culturels passent peu \u00e0 peu au second plan devant des th\u00e8mes tels que migration et sant\u00e9, politique d\u2019int\u00e9gration urbaine, naturalisation, ainsi que politique de l\u2019\u00c9tat en mati\u00e8re de migration. Ce n\u2019est qu\u2019\u00e0 l\u2019avenir que l\u2019on devrait pouvoir observer si cette nouvelle forme de coop\u00e9ration entre la science et la politique, que les uns qualifient de pragmatique, les autres de prax\u00e9ologique, ne soul\u00e8ve pas aussi de nouveaux probl\u00e8mes \u00e9thiques.<\/p>\n<p><strong>Mots-cl\u00e9s<\/strong>: migration, sant\u00e9, naturalisation, Suisse<\/p>\n<p>Erst seit Mitte der achtziger Jahre haben sich Ethnologinnen und Ethnologen f\u00fcr das Thema Migration interessiert. Mittels post-klassischer und post-strukturalistischer Theorieans\u00e4tze haben sie vermehrt Fragen bearbeitet, welche sich der schweizerischen Gesellschaft durch den R\u00fcckgang der klassischen Gastarbeiterzuwanderung und dem \u00dcbergang zu post-klassischen Formen der Migration stellten. Kulturelle Fragestellungen verloren sukzessiv an Bedeutung, Themen wie Migration und Gesundheit, urbane Integrationspolitik, Einb\u00fcrgerung sowie staatliche Migrationspolitik r\u00fcckten in den Vordergrund. Erst in der Zukunft d\u00fcrfte sichtbar werden, in welcher Weise diese neue Art der Verschr\u00e4nkung von Wissenschaft und Gesellschaftspolitik, die von den einen als pragmatisch, von den andern als praxeologisch bezeichnet wird, nicht auch neue ethische Fragen aufgeworfen hat.<\/p>\n<p class=\"negative-left\"><strong>Stichw\u00f6rter<\/strong>: Migration, Gesundheit, Einb\u00fcrgerung, Schweiz<\/p>\n<\/blockquote>\n<p>&nbsp;<\/p>\n","protected":false},"excerpt":{"rendered":"<p>Author(s) : Hans-Rudolf Wicker Source : http:\/\/www.cairn.info\/resume.php?ID_ARTICLE=ETHN_022_0243 Abstract:<\/p>\n","protected":false},"author":4,"featured_media":0,"comment_status":"open","ping_status":"open","sticky":false,"template":"","format":"standard","meta":{"_kadence_starter_templates_imported_post":false,"_kad_post_transparent":"","_kad_post_title":"","_kad_post_layout":"","_kad_post_sidebar_id":"","_kad_post_content_style":"","_kad_post_vertical_padding":"","_kad_post_feature":"","_kad_post_feature_position":"","_kad_post_header":false,"_kad_post_footer":false,"_kad_post_classname":"","jetpack_post_was_ever_published":false,"_jetpack_newsletter_access":"","_jetpack_dont_email_post_to_subs":false,"_jetpack_newsletter_tier_id":0,"_jetpack_memberships_contains_paywalled_content":false,"_jetpack_memberships_contains_paid_content":false,"footnotes":""},"categories":[24],"tags":[346,7,52,153,36,93,327,422],"class_list":["post-1731","post","type-post","status-publish","format-standard","hentry","category-society-family-racism","tag-346","tag-article","tag-french-language","tag-health","tag-migration-policy","tag-naturalization","tag-research","tag-sociology"],"jetpack_featured_media_url":"","jetpack_sharing_enabled":true,"_links":{"self":[{"href":"https:\/\/swissmig.unine.ch\/index.php?rest_route=\/wp\/v2\/posts\/1731","targetHints":{"allow":["GET"]}}],"collection":[{"href":"https:\/\/swissmig.unine.ch\/index.php?rest_route=\/wp\/v2\/posts"}],"about":[{"href":"https:\/\/swissmig.unine.ch\/index.php?rest_route=\/wp\/v2\/types\/post"}],"author":[{"embeddable":true,"href":"https:\/\/swissmig.unine.ch\/index.php?rest_route=\/wp\/v2\/users\/4"}],"replies":[{"embeddable":true,"href":"https:\/\/swissmig.unine.ch\/index.php?rest_route=%2Fwp%2Fv2%2Fcomments&post=1731"}],"version-history":[{"count":0,"href":"https:\/\/swissmig.unine.ch\/index.php?rest_route=\/wp\/v2\/posts\/1731\/revisions"}],"wp:attachment":[{"href":"https:\/\/swissmig.unine.ch\/index.php?rest_route=%2Fwp%2Fv2%2Fmedia&parent=1731"}],"wp:term":[{"taxonomy":"category","embeddable":true,"href":"https:\/\/swissmig.unine.ch\/index.php?rest_route=%2Fwp%2Fv2%2Fcategories&post=1731"},{"taxonomy":"post_tag","embeddable":true,"href":"https:\/\/swissmig.unine.ch\/index.php?rest_route=%2Fwp%2Fv2%2Ftags&post=1731"}],"curies":[{"name":"wp","href":"https:\/\/api.w.org\/{rel}","templated":true}]}}