{"id":1729,"date":"2017-12-17T22:30:33","date_gmt":"2017-12-17T21:30:33","guid":{"rendered":"https:\/\/swissmig.wordpress.com\/?p=1729"},"modified":"2017-12-17T22:30:33","modified_gmt":"2017-12-17T21:30:33","slug":"petits-enfants-de-migrants-italiens-et-espagnols-en-suisse-relations-familiales-et-pratiques-langagieres","status":"publish","type":"post","link":"https:\/\/swissmig.unine.ch\/?p=1729","title":{"rendered":"Petits-enfants de migrants italiens et espagnols en Suisse : relations familiales et pratiques langagi\u00e8res"},"content":{"rendered":"<h3>Author(s) : Rosita Fibbi, Marinette Matthey<\/h3>\n<h3>Source : <a href=\"http:\/\/journals.openedition.org\/hommesmigrations\/857\" target=\"_blank\" rel=\"noopener\">http:\/\/journals.openedition.org\/hommesmigrations\/857<\/a><\/h3>\n<p><strong>Abstract: <\/strong><!--more--><\/p>\n<blockquote><p>En Suisse, o\u00f9 sont reconnues quatre langues nationales, les migrants d\u2019origine italienne et espagnole font de leur h\u00e9ritage linguistique une richesse. La famille constitue le cadre privil\u00e9gi\u00e9 de la transmission de l\u2019identit\u00e9 et de la langue d\u2019origine des migrants. La g\u00e9n\u00e9ration des grands-parents est souvent investie de la mission de perp\u00e9tuer le bilinguisme familial chez les petits-enfants. Si le partage de cette langue des origines charg\u00e9e d\u2019\u00e9motions sert \u00e0 affermir les liens familiaux, il offre \u00e9galement aux jeunes une comp\u00e9tence valoris\u00e9e au sein d\u2019une soci\u00e9t\u00e9 plurilingue.<\/p><\/blockquote>\n<p>&nbsp;<\/p>\n","protected":false},"excerpt":{"rendered":"<p>Author(s) : Rosita Fibbi, Marinette Matthey Source : http:\/\/journals.openedition.org\/hommesmigrations\/857 Abstract:<\/p>\n","protected":false},"author":4,"featured_media":0,"comment_status":"open","ping_status":"open","sticky":false,"template":"","format":"standard","meta":{"_kadence_starter_templates_imported_post":false,"_kad_post_transparent":"","_kad_post_title":"","_kad_post_layout":"","_kad_post_sidebar_id":"","_kad_post_content_style":"","_kad_post_vertical_padding":"","_kad_post_feature":"","_kad_post_feature_position":"","_kad_post_header":false,"_kad_post_footer":false,"_kad_post_classname":"","jetpack_post_was_ever_published":false,"_jetpack_newsletter_access":"","_jetpack_dont_email_post_to_subs":false,"_jetpack_newsletter_tier_id":0,"_jetpack_memberships_contains_paywalled_content":false,"_jetpack_memberships_contains_paid_content":false,"footnotes":""},"categories":[167],"tags":[131,7,151,21,52,175,65,372,264,91,68,349,374],"class_list":["post-1729","post","type-post","status-publish","format-standard","hentry","category-ethnicity-languages-religion-arts","tag-131","tag-article","tag-cultural-identity","tag-family","tag-french-language","tag-italians","tag-language","tag-multilingualism","tag-skills","tag-social-integration","tag-sociolinguistics","tag-spaniards","tag-third-generation"],"jetpack_featured_media_url":"","jetpack_sharing_enabled":true,"_links":{"self":[{"href":"https:\/\/swissmig.unine.ch\/index.php?rest_route=\/wp\/v2\/posts\/1729","targetHints":{"allow":["GET"]}}],"collection":[{"href":"https:\/\/swissmig.unine.ch\/index.php?rest_route=\/wp\/v2\/posts"}],"about":[{"href":"https:\/\/swissmig.unine.ch\/index.php?rest_route=\/wp\/v2\/types\/post"}],"author":[{"embeddable":true,"href":"https:\/\/swissmig.unine.ch\/index.php?rest_route=\/wp\/v2\/users\/4"}],"replies":[{"embeddable":true,"href":"https:\/\/swissmig.unine.ch\/index.php?rest_route=%2Fwp%2Fv2%2Fcomments&post=1729"}],"version-history":[{"count":0,"href":"https:\/\/swissmig.unine.ch\/index.php?rest_route=\/wp\/v2\/posts\/1729\/revisions"}],"wp:attachment":[{"href":"https:\/\/swissmig.unine.ch\/index.php?rest_route=%2Fwp%2Fv2%2Fmedia&parent=1729"}],"wp:term":[{"taxonomy":"category","embeddable":true,"href":"https:\/\/swissmig.unine.ch\/index.php?rest_route=%2Fwp%2Fv2%2Fcategories&post=1729"},{"taxonomy":"post_tag","embeddable":true,"href":"https:\/\/swissmig.unine.ch\/index.php?rest_route=%2Fwp%2Fv2%2Ftags&post=1729"}],"curies":[{"name":"wp","href":"https:\/\/api.w.org\/{rel}","templated":true}]}}