{"id":1721,"date":"2017-12-15T23:06:16","date_gmt":"2017-12-15T22:06:16","guid":{"rendered":"https:\/\/swissmig.wordpress.com\/?p=1721"},"modified":"2017-12-15T23:06:16","modified_gmt":"2017-12-15T22:06:16","slug":"les-expulsions-volontaires-un-mode-de-gouvernement-des-etrangers-indesirables","status":"publish","type":"post","link":"https:\/\/swissmig.unine.ch\/?p=1721","title":{"rendered":"\u202aLes \u00ab expulsions volontaires \u00bb : un mode de gouvernement des \u00ab \u00e9trangers ind\u00e9sirables \u00bb ?\u202a"},"content":{"rendered":"<h3>Author(s) : Cl\u00e9ment de Senarclens, Ibrahim Soys\u00fcren<\/h3>\n<h3>Source : <a href=\"http:\/\/journals.openedition.org\/remi\/8539\" target=\"_blank\" rel=\"noopener\">http:\/\/journals.openedition.org\/remi\/8539<\/a><\/h3>\n<p><strong>Abstract: <\/strong><!--more--><\/p>\n<blockquote>\n<div class=\"publication-abstract\">\n<div id=\"abstract-8539-fr\" class=\"tabContent\" lang=\"fr\" xml:lang=\"fr\">\n<p class=\"resume\">Cet article analyse le dispositif d\u2019\u00e9loignement des \u00e9trangers ind\u00e9sirables en se fondant sur le cas des requ\u00e9rants d\u2019asile d\u00e9bout\u00e9s en Suisse. Il remet en question le discours selon lequel la \u00ab\u00a0politique de retour\u00a0\u00bb suisse reposerait avant tout sur des mesures d\u2019incitation au d\u00e9part pour ne faire usage de la contrainte qu\u2019en dernier recours. L\u2019analyse effectu\u00e9e permet en effet de souligner le r\u00f4le de diverses formes de contraintes (juridiques, mat\u00e9rielles et psychologiques), dont usent les autorit\u00e9s d\u00e8s l\u2019annonce de la d\u00e9cision de renvoi. Ces formes de contraintes pr\u00e9sident \u00e0 l\u2019\u00e9loignement de ces \u00e9trangers m\u00eame lors de retours qualifi\u00e9s de \u00ab\u00a0volontaires\u00a0\u00bb. Elle d\u00e9montre par ailleurs que la contrainte physique appara\u00eet comme l\u2019outil indispensable sur lequel repose l\u2019ensemble du dispositif d\u2019\u00e9loignement des \u00e9trangers ind\u00e9sirables, et cela m\u00eame lorsqu\u2019un recours effectif n\u2019est pas fait. Sur la base de cette analyse, l\u2019article vise \u00e0 mettre en lumi\u00e8re l\u2019existence d\u2019une forme de gouvernement des \u00e9trangers ind\u00e9sirables, articulant diff\u00e9rentes formes de contraintes et d\u2019incitations en vue d\u2019amener les individus \u00e0 se soumettre \u00e0 la d\u00e9cision de renvoi sans que les autorit\u00e9s n\u2019aient \u00e0 faire un recours effectif \u00e0 la contrainte physique. Nous d\u00e9signerons cette gouvernementalit\u00e9 des \u00ab\u00a0\u00e9trangers ind\u00e9sirables\u00a0\u00bb par le terme d\u2019\u00ab\u00a0expulsions volontaires\u00a0\u00bb.<\/p>\n<\/div>\n<div id=\"abstract-8539-es\" class=\"tabContent hidden\" lang=\"es\" xml:lang=\"es\">\n<div id=\"abstract-8539-fr\" class=\"tabContent hidden\" lang=\"fr\" xml:lang=\"fr\"><\/div>\n<div id=\"abstract-8539-en\" class=\"tabContent\" lang=\"en\" xml:lang=\"en\">\n<p class=\"resume\"><span lang=\"en\" xml:lang=\"en\">This article analyses the deportation apparatus of unwanted migrants via the case of rejected asylum seekers in Switzerland. It questions the current political speeches according to which \u201creturn policies\u201d are first based on return incentives and would rely on coercition only as a last resort. Indeed, the analysis highlights the importance of the different forms of legal, material and psychological constraints appearing as direct consequences of a deportation order. The crucial role of these constaints should therefore also be recognized when the enforcement of the deportation order occurs in conjunction with the incentive offered within the framework of assisted voluntary return programmes. Indeed, the results of this analysis show that the potential use of physical coercition represents the cornerstone on which all the deportation apparatus is based, even in the case where this most extreme form of constraint does not have to be effectively used. On the basis of these results, the article draw attention to a form of government of unwanted foreigners that aims to submit migrants to deportation orders while at the same time restraining the costly and controversial forms of physical coercition that occurs during the deportation process. This article aims to illustrate this form of government through the notion of \u201cvoluntary deportation\u201d.<\/span><\/p>\n<\/div>\n<p><strong>Mots-cl\u00e9s<\/strong>\u00a0: aide au retour, expulsion, gouvernementalit\u00e9, requ\u00e9rants d\u2019asile d\u00e9bout\u00e9s<\/div>\n<div class=\"tabContent hidden\" lang=\"es\" xml:lang=\"es\"><strong>Keywords<\/strong>\u00a0: deportation, assisted returns, governmentality, rejected asylum seekers, Switzerland<\/div>\n<\/div>\n<\/blockquote>\n<p>&nbsp;<\/p>\n","protected":false},"excerpt":{"rendered":"<p>Author(s) : Cl\u00e9ment de Senarclens, Ibrahim Soys\u00fcren Source : http:\/\/journals.openedition.org\/remi\/8539&#8230;<\/p>\n","protected":false},"author":4,"featured_media":0,"comment_status":"open","ping_status":"open","sticky":false,"template":"","format":"standard","meta":{"_kadence_starter_templates_imported_post":false,"_kad_post_transparent":"","_kad_post_title":"","_kad_post_layout":"","_kad_post_sidebar_id":"","_kad_post_content_style":"","_kad_post_vertical_padding":"","_kad_post_feature":"","_kad_post_feature_position":"","_kad_post_header":false,"_kad_post_footer":false,"_kad_post_classname":"","jetpack_post_was_ever_published":false,"_jetpack_newsletter_access":"","_jetpack_dont_email_post_to_subs":false,"_jetpack_newsletter_tier_id":0,"_jetpack_memberships_contains_paywalled_content":false,"_jetpack_memberships_contains_paid_content":false,"footnotes":""},"categories":[53],"tags":[48,7,111,49,50,163,269,270,52,271,46],"class_list":["post-1721","post","type-post","status-publish","format-standard","hentry","category-law","tag-48","tag-article","tag-asylum-applications","tag-asylum-policy","tag-asylum-seekers","tag-deportation","tag-detention","tag-forcible-return","tag-french-language","tag-human-rights-violations","tag-return-migration"],"jetpack_featured_media_url":"","jetpack_sharing_enabled":true,"_links":{"self":[{"href":"https:\/\/swissmig.unine.ch\/index.php?rest_route=\/wp\/v2\/posts\/1721","targetHints":{"allow":["GET"]}}],"collection":[{"href":"https:\/\/swissmig.unine.ch\/index.php?rest_route=\/wp\/v2\/posts"}],"about":[{"href":"https:\/\/swissmig.unine.ch\/index.php?rest_route=\/wp\/v2\/types\/post"}],"author":[{"embeddable":true,"href":"https:\/\/swissmig.unine.ch\/index.php?rest_route=\/wp\/v2\/users\/4"}],"replies":[{"embeddable":true,"href":"https:\/\/swissmig.unine.ch\/index.php?rest_route=%2Fwp%2Fv2%2Fcomments&post=1721"}],"version-history":[{"count":0,"href":"https:\/\/swissmig.unine.ch\/index.php?rest_route=\/wp\/v2\/posts\/1721\/revisions"}],"wp:attachment":[{"href":"https:\/\/swissmig.unine.ch\/index.php?rest_route=%2Fwp%2Fv2%2Fmedia&parent=1721"}],"wp:term":[{"taxonomy":"category","embeddable":true,"href":"https:\/\/swissmig.unine.ch\/index.php?rest_route=%2Fwp%2Fv2%2Fcategories&post=1721"},{"taxonomy":"post_tag","embeddable":true,"href":"https:\/\/swissmig.unine.ch\/index.php?rest_route=%2Fwp%2Fv2%2Ftags&post=1721"}],"curies":[{"name":"wp","href":"https:\/\/api.w.org\/{rel}","templated":true}]}}