{"id":1715,"date":"2017-12-15T22:45:25","date_gmt":"2017-12-15T21:45:25","guid":{"rendered":"https:\/\/swissmig.wordpress.com\/?p=1715"},"modified":"2017-12-15T22:45:25","modified_gmt":"2017-12-15T21:45:25","slug":"enfants-dimmigres-dans-leur-quete-de-reconnaissance-position-social-et-negociations-identitaires","status":"publish","type":"post","link":"https:\/\/swissmig.unine.ch\/?p=1715","title":{"rendered":"Enfants d&#8217;immigr\u00e9s dans leur qu\u00eate de reconnaissance: position sociale et n\u00e9gociations identitaires"},"content":{"rendered":"<h3>Author(s) : Jo\u00eblle Moret, Rosita Fibbi<\/h3>\n<h3>Source : <a href=\"https:\/\/www.researchgate.net\/publication\/318469934_Enfants_d%27immigres_dans_leur_quete_de_reconnaissance_position_social_et_negociations_identitaires\" target=\"_blank\" rel=\"noopener\">https:\/\/www.researchgate.net\/publication\/318469934_Enfants_d%27immigres_dans_leur_quete_de_reconnaissance_position_social_et_negociations_identitaires<\/a><\/h3>\n<p><strong>Abstract: <\/strong><!--more--><\/p>\n<blockquote>\n<div class=\"publication-abstract\">\n<div class=\"nova-e-text nova-e-text--size-m nova-e-text--family-sans-serif nova-e-text--spacing-auto nova-e-text--color-inherit\">Comme tout jeune, les enfants d\u2019immigr\u00e9s doivent trouver leur place dans la soci\u00e9t\u00e9 dans laquelle ils vivent. Ce qui les singularise par rapport \u00e0 leurs contemporains est la n\u00e9cessit\u00e9 d\u2019asseoir la l\u00e9gitimit\u00e9 de leur pr\u00e9sence dans cette soci\u00e9t\u00e9 qui tarde \u00e0 les reconna\u00eetre comme uns des leurs. La reconnaissance passe par l\u2019insertion consolid\u00e9e dans le march\u00e9 du travail et par des identit\u00e9s qui rendent compte de leurs diverses appartenances.<\/div>\n<\/div>\n<\/blockquote>\n<p>&nbsp;<\/p>\n","protected":false},"excerpt":{"rendered":"<p>Author(s) : Jo\u00eblle Moret, Rosita Fibbi Source : https:\/\/www.researchgate.net\/publication\/318469934_Enfants_d%27immigres_dans_leur_quete_de_reconnaissance_position_social_et_negociations_identitaires Abstract:<\/p>\n","protected":false},"author":4,"featured_media":0,"comment_status":"open","ping_status":"open","sticky":false,"template":"","format":"standard","meta":{"_kadence_starter_templates_imported_post":false,"_kad_post_transparent":"","_kad_post_title":"","_kad_post_layout":"","_kad_post_sidebar_id":"","_kad_post_content_style":"","_kad_post_vertical_padding":"","_kad_post_feature":"","_kad_post_feature_position":"","_kad_post_header":false,"_kad_post_footer":false,"_kad_post_classname":"","jetpack_post_was_ever_published":false,"_jetpack_newsletter_access":"","_jetpack_dont_email_post_to_subs":false,"_jetpack_newsletter_tier_id":0,"_jetpack_memberships_contains_paywalled_content":false,"_jetpack_memberships_contains_paid_content":false,"footnotes":""},"categories":[24],"tags":[48,32,318,151,176,52,87,284,145,91],"class_list":["post-1715","post","type-post","status-publish","format-standard","hentry","category-society-family-racism","tag-48","tag-book-chapter","tag-children","tag-cultural-identity","tag-economic-integration","tag-french-language","tag-history","tag-neuchatel","tag-second-generation","tag-social-integration"],"jetpack_featured_media_url":"","jetpack_sharing_enabled":true,"_links":{"self":[{"href":"https:\/\/swissmig.unine.ch\/index.php?rest_route=\/wp\/v2\/posts\/1715","targetHints":{"allow":["GET"]}}],"collection":[{"href":"https:\/\/swissmig.unine.ch\/index.php?rest_route=\/wp\/v2\/posts"}],"about":[{"href":"https:\/\/swissmig.unine.ch\/index.php?rest_route=\/wp\/v2\/types\/post"}],"author":[{"embeddable":true,"href":"https:\/\/swissmig.unine.ch\/index.php?rest_route=\/wp\/v2\/users\/4"}],"replies":[{"embeddable":true,"href":"https:\/\/swissmig.unine.ch\/index.php?rest_route=%2Fwp%2Fv2%2Fcomments&post=1715"}],"version-history":[{"count":0,"href":"https:\/\/swissmig.unine.ch\/index.php?rest_route=\/wp\/v2\/posts\/1715\/revisions"}],"wp:attachment":[{"href":"https:\/\/swissmig.unine.ch\/index.php?rest_route=%2Fwp%2Fv2%2Fmedia&parent=1715"}],"wp:term":[{"taxonomy":"category","embeddable":true,"href":"https:\/\/swissmig.unine.ch\/index.php?rest_route=%2Fwp%2Fv2%2Fcategories&post=1715"},{"taxonomy":"post_tag","embeddable":true,"href":"https:\/\/swissmig.unine.ch\/index.php?rest_route=%2Fwp%2Fv2%2Ftags&post=1715"}],"curies":[{"name":"wp","href":"https:\/\/api.w.org\/{rel}","templated":true}]}}