{"id":17108,"date":"2020-09-02T08:00:00","date_gmt":"2020-09-02T07:00:00","guid":{"rendered":"https:\/\/swissmig.wordpress.com\/?p=17108"},"modified":"2020-09-02T08:00:00","modified_gmt":"2020-09-02T07:00:00","slug":"vergleich-von-sozialleistungen-an-asylsuchende-in-funf-europaischen-landern-danemark-deutschland-italien-osterreich-schweiz","status":"publish","type":"post","link":"https:\/\/swissmig.unine.ch\/?p=17108","title":{"rendered":"Vergleich von Sozialleistungen an Asylsuchende in f\u00fcnf europ\u00e4ischen L\u00e4ndern: D\u00e4nemark, Deutschland, Italien, \u00d6sterreich, Schweiz"},"content":{"rendered":"<h3>Author(s) : Denise Efionayi-M\u00e4der<\/h3>\n<h3>Source : <a href=\"https:\/\/libra.unine.ch\/handle\/123456789\/4031\" target=\"_blank\" rel=\"noopener\">https:\/\/libra.unine.ch\/handle\/123456789\/4031<\/a><\/h3>\n<p><strong>Abstract: <\/strong><!--more--><\/p>\n<blockquote>\n<div class=\"hlFld-Abstract\">N \/ A<\/div>\n<div><strong>Keywords<\/strong>: asylum policy, Austria, Denmark, Germany, Italy, SFM Studies, refugees, comparative analysis<\/div>\n<\/blockquote>\n<div><\/div>\n","protected":false},"excerpt":{"rendered":"<p>Author(s) : Denise Efionayi-M\u00e4der Source : https:\/\/libra.unine.ch\/handle\/123456789\/4031 Abstract:<\/p>\n","protected":false},"author":4,"featured_media":0,"comment_status":"open","ping_status":"open","sticky":false,"template":"","format":"standard","meta":{"_kadence_starter_templates_imported_post":false,"_kad_post_transparent":"","_kad_post_title":"","_kad_post_layout":"","_kad_post_sidebar_id":"","_kad_post_content_style":"","_kad_post_vertical_padding":"","_kad_post_feature":"","_kad_post_feature_position":"","_kad_post_header":false,"_kad_post_footer":false,"_kad_post_classname":"","jetpack_post_was_ever_published":false,"_jetpack_newsletter_access":"","_jetpack_dont_email_post_to_subs":false,"_jetpack_newsletter_tier_id":0,"_jetpack_memberships_contains_paywalled_content":false,"_jetpack_memberships_contains_paid_content":false,"footnotes":""},"categories":[24],"tags":[534,49,50,251,57,638,15,73,226,253,249,645,340,315],"class_list":["post-17108","post","type-post","status-publish","format-standard","hentry","category-society-family-racism","tag-534","tag-asylum-policy","tag-asylum-seekers","tag-austria","tag-comparative-analysis","tag-denmark","tag-economic-impact","tag-german-language","tag-germany","tag-italy","tag-report","tag-sfm-studies","tag-social-support","tag-welfare-state"],"jetpack_featured_media_url":"","jetpack_sharing_enabled":true,"_links":{"self":[{"href":"https:\/\/swissmig.unine.ch\/index.php?rest_route=\/wp\/v2\/posts\/17108","targetHints":{"allow":["GET"]}}],"collection":[{"href":"https:\/\/swissmig.unine.ch\/index.php?rest_route=\/wp\/v2\/posts"}],"about":[{"href":"https:\/\/swissmig.unine.ch\/index.php?rest_route=\/wp\/v2\/types\/post"}],"author":[{"embeddable":true,"href":"https:\/\/swissmig.unine.ch\/index.php?rest_route=\/wp\/v2\/users\/4"}],"replies":[{"embeddable":true,"href":"https:\/\/swissmig.unine.ch\/index.php?rest_route=%2Fwp%2Fv2%2Fcomments&post=17108"}],"version-history":[{"count":0,"href":"https:\/\/swissmig.unine.ch\/index.php?rest_route=\/wp\/v2\/posts\/17108\/revisions"}],"wp:attachment":[{"href":"https:\/\/swissmig.unine.ch\/index.php?rest_route=%2Fwp%2Fv2%2Fmedia&parent=17108"}],"wp:term":[{"taxonomy":"category","embeddable":true,"href":"https:\/\/swissmig.unine.ch\/index.php?rest_route=%2Fwp%2Fv2%2Fcategories&post=17108"},{"taxonomy":"post_tag","embeddable":true,"href":"https:\/\/swissmig.unine.ch\/index.php?rest_route=%2Fwp%2Fv2%2Ftags&post=17108"}],"curies":[{"name":"wp","href":"https:\/\/api.w.org\/{rel}","templated":true}]}}