{"id":1691,"date":"2017-12-05T11:51:23","date_gmt":"2017-12-05T10:51:23","guid":{"rendered":"https:\/\/swissmig.wordpress.com\/?p=1691"},"modified":"2017-12-05T11:51:23","modified_gmt":"2017-12-05T10:51:23","slug":"integration-professionnelle-des-populations-dorigine-et-de-nationalite-etrangeres-en-suisse","status":"publish","type":"post","link":"https:\/\/swissmig.unine.ch\/?p=1691","title":{"rendered":"Int\u00e9gration professionnelle des populations d\u2019origine et de nationalit\u00e9 \u00e9trang\u00e8res en Suisse"},"content":{"rendered":"<h3>Author(s) : Philippe Wanner<\/h3>\n<h3>Source : <a href=\"http:\/\/remi.revues.org\/269\" target=\"_blank\" rel=\"noopener\">http:\/\/remi.revues.org\/269<\/a><\/h3>\n<p><strong>Abstract: <\/strong><!--more--><\/p>\n<blockquote>\n<div class=\"textandnotes\">\n<div>\n<div id=\"abstract-269-fr\" class=\"tabContent\" lang=\"fr\" xml:lang=\"fr\">\n<p class=\"resume\" dir=\"ltr\">Reposant sur des donn\u00e9es du Panel Suisse des M\u00e9nages, cette \u00e9tude dresse un tableau g\u00e9n\u00e9ral des modes de vie et d\u2019int\u00e9gration professionnelle des communaut\u00e9s ou collectivit\u00e9s d\u00e9finies selon l\u2019origine (nationalit\u00e9 des parents) et la nationalit\u00e9 actuelle. Elle montre les difficult\u00e9s d\u2019int\u00e9gration structurelle observ\u00e9es par les diff\u00e9rentes collectivit\u00e9s, en particulier celles originaires de certaines r\u00e9gions de l\u2019Europe (Europe non communautaire et Europe du Sud). Ces difficult\u00e9s peuvent certes \u00eatre mises en relation avec le niveau de formation achev\u00e9, mais aussi avec des pratiques discriminatoires, qui conduisent entre autres \u00e0 un taux de ch\u00f4mage \u00e9lev\u00e9 parmi les collectivit\u00e9s \u00e9trang\u00e8res. Les disparit\u00e9s entre Suisses et populations d\u2019origines \u00e9trang\u00e8res se maintiennent apr\u00e8s la naturalisation, les Suisses dont les parents \u00e9taient de nationalit\u00e9 \u00e9trang\u00e8re au moment de la naissance pr\u00e9sentant \u00e9galement un risque plus \u00e9lev\u00e9 de ch\u00f4mage, comparativement aux Suisses d\u2019origine.<\/p>\n<\/div>\n<div id=\"abstract-269-en\" class=\"tabContent hidden\" lang=\"en\" xml:lang=\"en\"><\/div>\n<div id=\"abstract-269-es\" class=\"tabContent hidden\" lang=\"es\" xml:lang=\"es\">\u00a0Using the Swiss Households Panel data, this study draws a general picture of the ways of life and professional integration of communities defined, according to the country of origin (nationality of the parents at birth) and the current nationality. It shows the difficulties of being integrated in a structural point of view among the various communities, in particular among those coming from some regions of Europa (non-EC countries and Southern Europe). These difficulties can certainly be linked with the level of education, but also with discriminatory practices, which lead to an increased rate of unemployment among the foreign communities. The disparities between the Swiss population and the one of foreign origin are maintained after naturalization : the group of Swiss people whose parents were of foreign nationality at birth also present a higher risk of unemployment, comparatively with persons of Swiss origin.<\/div>\n<\/div>\n<\/div>\n<\/blockquote>\n<p>&nbsp;<\/p>\n","protected":false},"excerpt":{"rendered":"<p>Author(s) : Philippe Wanner Source : http:\/\/remi.revues.org\/269 Abstract:<\/p>\n","protected":false},"author":4,"featured_media":0,"comment_status":"open","ping_status":"open","sticky":false,"template":"","format":"standard","meta":{"_kadence_starter_templates_imported_post":false,"_kad_post_transparent":"","_kad_post_title":"","_kad_post_layout":"","_kad_post_sidebar_id":"","_kad_post_content_style":"","_kad_post_vertical_padding":"","_kad_post_feature":"","_kad_post_feature_position":"","_kad_post_header":false,"_kad_post_footer":false,"_kad_post_classname":"","jetpack_post_was_ever_published":false,"_jetpack_newsletter_access":"","_jetpack_dont_email_post_to_subs":false,"_jetpack_newsletter_tier_id":0,"_jetpack_memberships_contains_paywalled_content":false,"_jetpack_memberships_contains_paid_content":false,"footnotes":""},"categories":[16],"tags":[85,407,362,7,57,92,146,176,121,52,19,84],"class_list":["post-1691","post","type-post","status-publish","format-standard","hentry","category-economics","tag-85","tag-access-to-education","tag-access-to-employment","tag-article","tag-comparative-analysis","tag-country-of-origin","tag-discrimination","tag-economic-integration","tag-ethnic-minorities","tag-french-language","tag-labour-market","tag-unemployment"],"jetpack_featured_media_url":"","jetpack_sharing_enabled":true,"_links":{"self":[{"href":"https:\/\/swissmig.unine.ch\/index.php?rest_route=\/wp\/v2\/posts\/1691","targetHints":{"allow":["GET"]}}],"collection":[{"href":"https:\/\/swissmig.unine.ch\/index.php?rest_route=\/wp\/v2\/posts"}],"about":[{"href":"https:\/\/swissmig.unine.ch\/index.php?rest_route=\/wp\/v2\/types\/post"}],"author":[{"embeddable":true,"href":"https:\/\/swissmig.unine.ch\/index.php?rest_route=\/wp\/v2\/users\/4"}],"replies":[{"embeddable":true,"href":"https:\/\/swissmig.unine.ch\/index.php?rest_route=%2Fwp%2Fv2%2Fcomments&post=1691"}],"version-history":[{"count":0,"href":"https:\/\/swissmig.unine.ch\/index.php?rest_route=\/wp\/v2\/posts\/1691\/revisions"}],"wp:attachment":[{"href":"https:\/\/swissmig.unine.ch\/index.php?rest_route=%2Fwp%2Fv2%2Fmedia&parent=1691"}],"wp:term":[{"taxonomy":"category","embeddable":true,"href":"https:\/\/swissmig.unine.ch\/index.php?rest_route=%2Fwp%2Fv2%2Fcategories&post=1691"},{"taxonomy":"post_tag","embeddable":true,"href":"https:\/\/swissmig.unine.ch\/index.php?rest_route=%2Fwp%2Fv2%2Ftags&post=1691"}],"curies":[{"name":"wp","href":"https:\/\/api.w.org\/{rel}","templated":true}]}}