{"id":1681,"date":"2017-12-05T10:57:55","date_gmt":"2017-12-05T09:57:55","guid":{"rendered":"https:\/\/swissmig.wordpress.com\/?p=1681"},"modified":"2017-12-05T10:57:55","modified_gmt":"2017-12-05T09:57:55","slug":"la-population-migrante-agee-en-suisse-une-diversite-de-parcours-et-de-situations","status":"publish","type":"post","link":"https:\/\/swissmig.unine.ch\/?p=1681","title":{"rendered":"La population migrante \u00e2g\u00e9e en Suisse: une diversit\u00e9 de parcours et de situations"},"content":{"rendered":"<h3>Author(s) : Hildegard Hungerb\u00fcler<\/h3>\n<h3>Source : <a href=\"http:\/\/www.alter-migration.ch\/fileadmin\/templates\/pdf\/Lapopulationmigrante_HildegardHungerbuehler.pdf\" target=\"_blank\" rel=\"noopener\">http:\/\/www.alter-migration.ch\/fileadmin\/templates\/pdf\/Lapopulationmigrante_HildegardHungerbuehler.pdf<\/a><\/h3>\n<p><strong>Abstract: <\/strong><!--more--><\/p>\n<blockquote>\n<div class=\"textandnotes\">\n<div>Les migrantes et les migrants \u00e2g\u00e9s sont arriv\u00e9s en Suisse pour des raisons diverses. Les sp\u00e9cificit\u00e9s des parcours individuels et des contextes migratoires exercent, jusque dans la vieillesse, une influence d\u00e9terminante sur la vie de ces personnes, leur marge de man\u0153uvre et les strat\u00e9gies qui leur sont ouvertes. D\u00e8s lors, la situation \u00e9conomique, sociale et sanitaire de cette cat\u00e9gorie de la population est actuellement marqu\u00e9e par une grande h\u00e9t\u00e9rog\u00e9n\u00e9it\u00e9. La prise en charge des personnes \u00e2g\u00e9es en Suisse doit tenir compte de ces r\u00e9alit\u00e9s.<\/div>\n<\/div>\n<\/blockquote>\n<p>&nbsp;<\/p>\n","protected":false},"excerpt":{"rendered":"<p>Author(s) : Hildegard Hungerb\u00fcler Source : http:\/\/www.alter-migration.ch\/fileadmin\/templates\/pdf\/Lapopulationmigrante_HildegardHungerbuehler.pdf Abstract:<\/p>\n","protected":false},"author":4,"featured_media":0,"comment_status":"open","ping_status":"open","sticky":false,"template":"","format":"standard","meta":{"_kadence_starter_templates_imported_post":false,"_kad_post_transparent":"","_kad_post_title":"","_kad_post_layout":"","_kad_post_sidebar_id":"","_kad_post_content_style":"","_kad_post_vertical_padding":"","_kad_post_feature":"","_kad_post_feature_position":"","_kad_post_header":false,"_kad_post_footer":false,"_kad_post_classname":"","jetpack_post_was_ever_published":false,"_jetpack_newsletter_access":"","_jetpack_dont_email_post_to_subs":false,"_jetpack_newsletter_tier_id":0,"_jetpack_memberships_contains_paywalled_content":false,"_jetpack_memberships_contains_paid_content":false,"footnotes":""},"categories":[24],"tags":[255,317,142,52,122,180,249,91,279],"class_list":["post-1681","post","type-post","status-publish","format-standard","hentry","category-society-family-racism","tag-255","tag-ageing","tag-elderly","tag-french-language","tag-migrants","tag-multiculturalism","tag-report","tag-social-integration","tag-socioeconomic-factors"],"jetpack_featured_media_url":"","jetpack_sharing_enabled":true,"_links":{"self":[{"href":"https:\/\/swissmig.unine.ch\/index.php?rest_route=\/wp\/v2\/posts\/1681","targetHints":{"allow":["GET"]}}],"collection":[{"href":"https:\/\/swissmig.unine.ch\/index.php?rest_route=\/wp\/v2\/posts"}],"about":[{"href":"https:\/\/swissmig.unine.ch\/index.php?rest_route=\/wp\/v2\/types\/post"}],"author":[{"embeddable":true,"href":"https:\/\/swissmig.unine.ch\/index.php?rest_route=\/wp\/v2\/users\/4"}],"replies":[{"embeddable":true,"href":"https:\/\/swissmig.unine.ch\/index.php?rest_route=%2Fwp%2Fv2%2Fcomments&post=1681"}],"version-history":[{"count":0,"href":"https:\/\/swissmig.unine.ch\/index.php?rest_route=\/wp\/v2\/posts\/1681\/revisions"}],"wp:attachment":[{"href":"https:\/\/swissmig.unine.ch\/index.php?rest_route=%2Fwp%2Fv2%2Fmedia&parent=1681"}],"wp:term":[{"taxonomy":"category","embeddable":true,"href":"https:\/\/swissmig.unine.ch\/index.php?rest_route=%2Fwp%2Fv2%2Fcategories&post=1681"},{"taxonomy":"post_tag","embeddable":true,"href":"https:\/\/swissmig.unine.ch\/index.php?rest_route=%2Fwp%2Fv2%2Ftags&post=1681"}],"curies":[{"name":"wp","href":"https:\/\/api.w.org\/{rel}","templated":true}]}}