{"id":1668,"date":"2017-12-04T15:34:39","date_gmt":"2017-12-04T14:34:39","guid":{"rendered":"https:\/\/swissmig.wordpress.com\/?p=1668"},"modified":"2017-12-04T15:34:39","modified_gmt":"2017-12-04T14:34:39","slug":"eclairage-sur-la-migration-feminine-economique-en-suisse-trois-parcours","status":"publish","type":"post","link":"https:\/\/swissmig.unine.ch\/?p=1668","title":{"rendered":"\u00c9clairage sur la migration f\u00e9minine \u00e9conomique en Suisse : trois parcours"},"content":{"rendered":"<h3>Author(s) : Corinne Dallera<\/h3>\n<h3>Source : <a href=\"http:\/\/dx.doi.org\/10.3917\/nqf.261.0054\" target=\"_blank\" rel=\"noopener\">http:\/\/dx.doi.org\/10.3917\/nqf.261.0054<\/a><\/h3>\n<p><strong>Abstract: <\/strong><!--more--><\/p>\n<blockquote>\n<div class=\"textandnotes\">\n<p class=\"texte\" dir=\"ltr\">Cet article apporte un \u00e9clairage sur la migration f\u00e9minine de travail \u00e0 partir de la pr\u00e9sentation de trois parcours de femmes depuis leur arriv\u00e9e en Suisse au d\u00e9but des ann\u00e9es 80. Ces tranches de vie rendent entre autres visible comment le genre s\u2019appuie sur le syst\u00e8me discriminant des autorisations de s\u00e9jour d\u00e9livr\u00e9es aux personnes de nationalit\u00e9 \u00e9trang\u00e8re et vice versa afin de mettre au pas les femmes migrantes. En mettant en \u00e9vidence ces rapports sociaux, la perspective adopt\u00e9e par l\u2019auteure remet en cause les dichotomies (tradition du pays d\u2019origine versus modernit\u00e9 du pays d\u2019accueil, passivit\u00e9 des migrantes versus activit\u00e9 des migrants) qui ont longtemps structur\u00e9 les approches de la migration f\u00e9minine. Elle interroge \u00e9galement le cadre de r\u00e9f\u00e9rence tr\u00e8s influenc\u00e9 par le psycho-culturalisme dans lequel la question de l\u2019int\u00e9gration des migrantes en Suisse est officiellement pos\u00e9e.<\/p>\n<p dir=\"ltr\">This article provides reflections on the condition of women immigrant workers through a presentation of the experiences of three such women since their arrival in Switzerland in the beginning of the 80s. These intimate reports reveal important aspects of the ways in which gender relations are structured by the discriminatory system that regulates residency for those of foreign nationality and vice versa, with the aim of controlling women immigrants. Bearing in mind these relations of power, the author questions the validity of the dichotomies (tradition in the country of origin vs modernity in the country of arrival ; passivity of immigrant women vs activity of immigrant men) that for a long time have been the basis for conceptualizing immigrant women. The author also questions the great influence that psycho-culturalism plays in the official approach to the integration of immigrant women in Switzerland.<\/p>\n<\/div>\n<\/blockquote>\n<p>&nbsp;<\/p>\n","protected":false},"excerpt":{"rendered":"<p>Author(s) : Corinne Dallera Source : http:\/\/dx.doi.org\/10.3917\/nqf.261.0054 Abstract:<\/p>\n","protected":false},"author":4,"featured_media":0,"comment_status":"open","ping_status":"open","sticky":false,"template":"","format":"standard","meta":{"_kadence_starter_templates_imported_post":false,"_kad_post_transparent":"","_kad_post_title":"","_kad_post_layout":"","_kad_post_sidebar_id":"","_kad_post_content_style":"","_kad_post_vertical_padding":"","_kad_post_feature":"","_kad_post_feature_position":"","_kad_post_header":false,"_kad_post_footer":false,"_kad_post_classname":"","jetpack_post_was_ever_published":false,"_jetpack_newsletter_access":"","_jetpack_dont_email_post_to_subs":false,"_jetpack_newsletter_tier_id":0,"_jetpack_memberships_contains_paywalled_content":false,"_jetpack_memberships_contains_paid_content":false,"footnotes":""},"categories":[16],"tags":[169,362,7,8,146,52,148,17,387,19,334,166,347,201],"class_list":["post-1668","post","type-post","status-publish","format-standard","hentry","category-economics","tag-169","tag-access-to-employment","tag-article","tag-case-study","tag-discrimination","tag-french-language","tag-gender","tag-immigrants","tag-integration-policy","tag-labour-market","tag-racism","tag-residence-permits","tag-testimonies","tag-women"],"jetpack_featured_media_url":"","jetpack_sharing_enabled":true,"_links":{"self":[{"href":"https:\/\/swissmig.unine.ch\/index.php?rest_route=\/wp\/v2\/posts\/1668","targetHints":{"allow":["GET"]}}],"collection":[{"href":"https:\/\/swissmig.unine.ch\/index.php?rest_route=\/wp\/v2\/posts"}],"about":[{"href":"https:\/\/swissmig.unine.ch\/index.php?rest_route=\/wp\/v2\/types\/post"}],"author":[{"embeddable":true,"href":"https:\/\/swissmig.unine.ch\/index.php?rest_route=\/wp\/v2\/users\/4"}],"replies":[{"embeddable":true,"href":"https:\/\/swissmig.unine.ch\/index.php?rest_route=%2Fwp%2Fv2%2Fcomments&post=1668"}],"version-history":[{"count":0,"href":"https:\/\/swissmig.unine.ch\/index.php?rest_route=\/wp\/v2\/posts\/1668\/revisions"}],"wp:attachment":[{"href":"https:\/\/swissmig.unine.ch\/index.php?rest_route=%2Fwp%2Fv2%2Fmedia&parent=1668"}],"wp:term":[{"taxonomy":"category","embeddable":true,"href":"https:\/\/swissmig.unine.ch\/index.php?rest_route=%2Fwp%2Fv2%2Fcategories&post=1668"},{"taxonomy":"post_tag","embeddable":true,"href":"https:\/\/swissmig.unine.ch\/index.php?rest_route=%2Fwp%2Fv2%2Ftags&post=1668"}],"curies":[{"name":"wp","href":"https:\/\/api.w.org\/{rel}","templated":true}]}}