{"id":1664,"date":"2017-12-04T15:15:39","date_gmt":"2017-12-04T14:15:39","guid":{"rendered":"https:\/\/swissmig.wordpress.com\/?p=1664"},"modified":"2017-12-04T15:15:39","modified_gmt":"2017-12-04T14:15:39","slug":"du-diplomate-a-lexpatrie-les-migrations-chinoises-en-suisse","status":"publish","type":"post","link":"https:\/\/swissmig.unine.ch\/?p=1664","title":{"rendered":"Du diplomate \u00e0 l&#8217;expatri\u00e9. Les migrations chinoises en Suisse"},"content":{"rendered":"<h3>Author(s) : Maryl\u00e8ne Lieber<\/h3>\n<h3>Source : <a href=\"http:\/\/remi.revues.org\/5163\" target=\"_blank\" rel=\"noopener\">http:\/\/remi.revues.org\/5163<\/a><\/h3>\n<p><strong>Abstract: <\/strong><!--more--><\/p>\n<blockquote>\n<div class=\"textandnotes\">\n<p class=\"texte\" dir=\"ltr\">Les migrations chinoises en Suisse n\u2019ont pas fait l\u2019objet de recherches approfondies, contrairement \u00e0 plusieurs autres pays d\u2019Europe, comme la France, la Hollande ou la Grande-Bretagne (Live, 1992\u00a0; Pieke, 1992\u00a0; Vaughan 1992). On ne sait donc pratiquement rien sur les Chinois de Suisse, sinon que, \u00e0 l\u2019inverse de ceux install\u00e9s dans les pays voisins, leur nombre est marginal et qu\u2019ils ne sont pas r\u00e9ellement visibles. Aucune ville suisse n\u2019a de <em>Chinatown<\/em> ou de quartier pr\u00e9sentant une forme de concentration r\u00e9sidentielle, comme on peut en rencontrer \u00e0 Paris ou \u00e0 Londres, pas plus qu\u2019il n\u2019existe de presse sp\u00e9cialis\u00e9e en mandarin, ou d\u2019associations repr\u00e9sentatives qui p\u00e8seraient r\u00e9ellement dans la vie politique locale \u2013 ce qui, cela dit, est vrai \u00e9galement pour d\u2019autres groupes de migrants vivant en Suisse. N\u00e9anmoins, cette population conna\u00eet aujourd\u2019hui de v\u00e9ritables bouleversements, puisque dans le sillage des autres pays d\u2019Europe, elle a vu son nombre officiel presque d\u00e9cupler durant les vingt derni\u00e8res ann\u00e9es, passant de 846 en 1988 \u00e0 7\u00a0612 en 2008.<\/p>\n<\/div>\n<\/blockquote>\n<p>&nbsp;<\/p>\n","protected":false},"excerpt":{"rendered":"<p>Author(s) : Maryl\u00e8ne Lieber Source : http:\/\/remi.revues.org\/5163 Abstract:<\/p>\n","protected":false},"author":4,"featured_media":0,"comment_status":"open","ping_status":"open","sticky":false,"template":"","format":"standard","meta":{"_kadence_starter_templates_imported_post":false,"_kad_post_transparent":"","_kad_post_title":"","_kad_post_layout":"","_kad_post_sidebar_id":"","_kad_post_content_style":"","_kad_post_vertical_padding":"","_kad_post_feature":"","_kad_post_feature_position":"","_kad_post_header":false,"_kad_post_footer":false,"_kad_post_classname":"","jetpack_post_was_ever_published":false,"_jetpack_newsletter_access":"","_jetpack_dont_email_post_to_subs":false,"_jetpack_newsletter_tier_id":0,"_jetpack_memberships_contains_paywalled_content":false,"_jetpack_memberships_contains_paid_content":false,"footnotes":""},"categories":[43],"tags":[131,7,132,151,191,52,87,17,91,143],"class_list":["post-1664","post","type-post","status-publish","format-standard","hentry","category-the-migration-phenomenon","tag-131","tag-article","tag-chinese","tag-cultural-identity","tag-demography","tag-french-language","tag-history","tag-immigrants","tag-social-integration","tag-statistical-data"],"jetpack_featured_media_url":"","jetpack_sharing_enabled":true,"_links":{"self":[{"href":"https:\/\/swissmig.unine.ch\/index.php?rest_route=\/wp\/v2\/posts\/1664","targetHints":{"allow":["GET"]}}],"collection":[{"href":"https:\/\/swissmig.unine.ch\/index.php?rest_route=\/wp\/v2\/posts"}],"about":[{"href":"https:\/\/swissmig.unine.ch\/index.php?rest_route=\/wp\/v2\/types\/post"}],"author":[{"embeddable":true,"href":"https:\/\/swissmig.unine.ch\/index.php?rest_route=\/wp\/v2\/users\/4"}],"replies":[{"embeddable":true,"href":"https:\/\/swissmig.unine.ch\/index.php?rest_route=%2Fwp%2Fv2%2Fcomments&post=1664"}],"version-history":[{"count":0,"href":"https:\/\/swissmig.unine.ch\/index.php?rest_route=\/wp\/v2\/posts\/1664\/revisions"}],"wp:attachment":[{"href":"https:\/\/swissmig.unine.ch\/index.php?rest_route=%2Fwp%2Fv2%2Fmedia&parent=1664"}],"wp:term":[{"taxonomy":"category","embeddable":true,"href":"https:\/\/swissmig.unine.ch\/index.php?rest_route=%2Fwp%2Fv2%2Fcategories&post=1664"},{"taxonomy":"post_tag","embeddable":true,"href":"https:\/\/swissmig.unine.ch\/index.php?rest_route=%2Fwp%2Fv2%2Ftags&post=1664"}],"curies":[{"name":"wp","href":"https:\/\/api.w.org\/{rel}","templated":true}]}}